{"id":290264,"date":"2021-05-12T10:14:27","date_gmt":"2021-05-12T08:14:27","guid":{"rendered":"https:\/\/www.radioluna.it\/news\/?p=290264"},"modified":"2021-05-12T10:14:27","modified_gmt":"2021-05-12T08:14:27","slug":"a-fondi-tantissimi-per-lo-screening-tra-i-sikh-su-501-test-trovati-16-positivi-al-covid","status":"publish","type":"post","link":"https:\/\/www.radioluna.it\/news\/2021\/05\/a-fondi-tantissimi-per-lo-screening-tra-i-sikh-su-501-test-trovati-16-positivi-al-covid\/","title":{"rendered":"A Fondi, tantissimi per lo screening tra i Sikh: su 501 test trovati 16 positivi al covid"},"content":{"rendered":"<div id=\"fb-root\"><\/div>\n<p style=\"text-align: justify;\"><strong>FONDI<\/strong> &#8211; Sono 16 su 500, i positivi al covid trovati\u00a0 a Fondi nello screening promosso dalla Asl di Latina e dedicato alle comunit\u00e0 straniere che gravitano nell&#8217;area di Fondi. Nell&#8217;area del mercato\u00a0 di via Mola di Santa Maria si sono messi in fila ordinatamente, per fare il tampone antigenico rapido, uomini e donne, giovani e anziani, anche tanti. E dopo questo primo risultato i positivi dovranno ripetere il tampone molecolare per la conferma.<\/p>\n<p style=\"text-align: justify;\">\u00abL\u2019attenzione resta alta \u2013 commenta il sindaco di Fondi Beniamino Maschietto \u2013 ma i dati ci fanno ben sperare. Dato l&#8217;elevato numero di partecipanti, la Asl ha dato piena disponibilit\u00e0, compatibilmente con le richieste dei rappresentanti delle comunit\u00e0 indiane e pakistane, a ripetere lo screening. Ringrazio la Asl per aver dato questa opportunit\u00e0 alla nostra citt\u00e0, le forze dell&#8217;ordine che hanno presidiato il drive in e il locale comitato della Croce Rossa per il prezioso e mai scontato supporto logistico e assistenziale\u00bb.<\/p>\n<p style=\"text-align: justify;\">Durante l\u2019attesa i volontari hanno distribuito centinaia di opuscoli realizzati dal Comune di Fondi, capofila del distretto socio sanitario LT4. Le brochure, che riassumono le principali regole anticontagio e i comportamenti da osservare in caso di positivit\u00e0 in lingua araba, punjabi e inglese, saranno consegnate anche alle comunit\u00e0 straniere di Campodimele, Lenola, Monte San Biagio, Sabaudia, San Felice Circeo e Sperlonga.<\/p>\n","protected":false},"excerpt":{"rendered":"<p>FONDI &#8211; Sono 16 su 500, i positivi al covid trovati\u00a0 a Fondi nello screening promosso dalla Asl di Latina e dedicato alle comunit\u00e0 straniere che gravitano nell&#8217;area di Fondi. Nell&#8217;area del mercato\u00a0 di via Mola di Santa Maria si sono messi in fila ordinatamente, per fare il tampone antigenico rapido, uomini e donne, giovani [&hellip;]<\/p>\n","protected":false},"author":62,"featured_media":290265,"comment_status":"open","ping_status":"open","sticky":false,"template":"","format":"standard","meta":{"footnotes":""},"categories":[2616],"tags":[],"class_list":["post-290264","post","type-post","status-publish","format-standard","has-post-thumbnail","hentry","category-sanita"],"_links":{"self":[{"href":"https:\/\/www.radioluna.it\/news\/wp-json\/wp\/v2\/posts\/290264","targetHints":{"allow":["GET"]}}],"collection":[{"href":"https:\/\/www.radioluna.it\/news\/wp-json\/wp\/v2\/posts"}],"about":[{"href":"https:\/\/www.radioluna.it\/news\/wp-json\/wp\/v2\/types\/post"}],"author":[{"embeddable":true,"href":"https:\/\/www.radioluna.it\/news\/wp-json\/wp\/v2\/users\/62"}],"replies":[{"embeddable":true,"href":"https:\/\/www.radioluna.it\/news\/wp-json\/wp\/v2\/comments?post=290264"}],"version-history":[{"count":0,"href":"https:\/\/www.radioluna.it\/news\/wp-json\/wp\/v2\/posts\/290264\/revisions"}],"wp:featuredmedia":[{"embeddable":true,"href":"https:\/\/www.radioluna.it\/news\/wp-json\/wp\/v2\/media\/290265"}],"wp:attachment":[{"href":"https:\/\/www.radioluna.it\/news\/wp-json\/wp\/v2\/media?parent=290264"}],"wp:term":[{"taxonomy":"category","embeddable":true,"href":"https:\/\/www.radioluna.it\/news\/wp-json\/wp\/v2\/categories?post=290264"},{"taxonomy":"post_tag","embeddable":true,"href":"https:\/\/www.radioluna.it\/news\/wp-json\/wp\/v2\/tags?post=290264"}],"curies":[{"name":"wp","href":"https:\/\/api.w.org\/{rel}","templated":true}]}}