{"id":290481,"date":"2021-05-15T09:49:24","date_gmt":"2021-05-15T07:49:24","guid":{"rendered":"https:\/\/www.radioluna.it\/news\/?p=290481"},"modified":"2021-05-19T13:54:50","modified_gmt":"2021-05-19T11:54:50","slug":"azzurra-stefanelli-protagonista-dello-spot-minturno-bandiera-blu","status":"publish","type":"post","link":"https:\/\/www.radioluna.it\/news\/2021\/05\/azzurra-stefanelli-protagonista-dello-spot-minturno-bandiera-blu\/","title":{"rendered":"Azzurra Stefanelli protagonista dello spot Minturno Bandiera Blu"},"content":{"rendered":"<div id=\"fb-root\"><\/div>\n<p><iframe loading=\"lazy\" title=\"Spot Stagione turistica 2021 del Comune di Minturno - Bandiera Blu\" width=\"740\" height=\"416\" src=\"https:\/\/www.youtube.com\/embed\/9WOe4cWlL_Q?feature=oembed\" frameborder=\"0\" allow=\"accelerometer; autoplay; clipboard-write; encrypted-media; gyroscope; picture-in-picture; web-share\" referrerpolicy=\"strict-origin-when-cross-origin\" allowfullscreen><\/iframe><\/p>\n<p style=\"text-align: justify;\"><strong>MINTURNO\u00a0 &#8211; <\/strong>Si chiama Azzurra, \u00e8 una dei quattro figli del sindaco di Minturno Gerardo Stefanelli ed \u00e8 la protagonista dello spot che la citt\u00e0 ha voluto preparare per la stagione estiva, per lanciare il Comune che ha conquistato per la prima volta la sua bandiera Blu.<\/p>\n<p style=\"text-align: justify;\">La voce di Azzurra, insieme con il suo viso intelligente, accompagnano le immagini della spiaggia dei Sassolini, del sito archeologico di Minturnae e anche delle attrattive sportive per invitare i turisti a fare una vacanza al confine tra Lazio e Campania. Brava Azzurra.<\/p>\n<p>&nbsp;<\/p>\n","protected":false},"excerpt":{"rendered":"<p>MINTURNO\u00a0 &#8211; Si chiama Azzurra, \u00e8 una dei quattro figli del sindaco di Minturno Gerardo Stefanelli ed \u00e8 la protagonista dello spot che la citt\u00e0 ha voluto preparare per la stagione estiva, per lanciare il Comune che ha conquistato per la prima volta la sua bandiera Blu. La voce di Azzurra, insieme con il suo [&hellip;]<\/p>\n","protected":false},"author":62,"featured_media":290482,"comment_status":"open","ping_status":"open","sticky":false,"template":"","format":"video","meta":{"footnotes":""},"categories":[735,2312],"tags":[],"class_list":["post-290481","post","type-post","status-publish","format-video","has-post-thumbnail","hentry","category-attualita","category-video","post_format-post-format-video"],"_links":{"self":[{"href":"https:\/\/www.radioluna.it\/news\/wp-json\/wp\/v2\/posts\/290481","targetHints":{"allow":["GET"]}}],"collection":[{"href":"https:\/\/www.radioluna.it\/news\/wp-json\/wp\/v2\/posts"}],"about":[{"href":"https:\/\/www.radioluna.it\/news\/wp-json\/wp\/v2\/types\/post"}],"author":[{"embeddable":true,"href":"https:\/\/www.radioluna.it\/news\/wp-json\/wp\/v2\/users\/62"}],"replies":[{"embeddable":true,"href":"https:\/\/www.radioluna.it\/news\/wp-json\/wp\/v2\/comments?post=290481"}],"version-history":[{"count":0,"href":"https:\/\/www.radioluna.it\/news\/wp-json\/wp\/v2\/posts\/290481\/revisions"}],"wp:featuredmedia":[{"embeddable":true,"href":"https:\/\/www.radioluna.it\/news\/wp-json\/wp\/v2\/media\/290482"}],"wp:attachment":[{"href":"https:\/\/www.radioluna.it\/news\/wp-json\/wp\/v2\/media?parent=290481"}],"wp:term":[{"taxonomy":"category","embeddable":true,"href":"https:\/\/www.radioluna.it\/news\/wp-json\/wp\/v2\/categories?post=290481"},{"taxonomy":"post_tag","embeddable":true,"href":"https:\/\/www.radioluna.it\/news\/wp-json\/wp\/v2\/tags?post=290481"}],"curies":[{"name":"wp","href":"https:\/\/api.w.org\/{rel}","templated":true}]}}