{"id":290659,"date":"2021-05-18T15:36:43","date_gmt":"2021-05-18T13:36:43","guid":{"rendered":"https:\/\/www.radioluna.it\/news\/?p=290659"},"modified":"2021-05-20T10:26:13","modified_gmt":"2021-05-20T08:26:13","slug":"lilith-il-centro-antiviolenza-a-ninfa-donne-forti-nel-giardino-voluto-da-donne","status":"publish","type":"post","link":"https:\/\/www.radioluna.it\/news\/2021\/05\/lilith-il-centro-antiviolenza-a-ninfa-donne-forti-nel-giardino-voluto-da-donne\/","title":{"rendered":"Lilith, il centro antiviolenza a Ninfa: &#8220;Donne forti nel giardino voluto da donne&#8221;"},"content":{"rendered":"<div id=\"fb-root\"><\/div>\n<p style=\"text-align: justify;\"><strong>LATINA &#8211;<\/strong> Un gruppo di operatrici e di donne ospitate dal Centro Donna Lilith di Latina \u00e8 stato invitato dalla Fondazione Roffredo Caetani a visitare il\u00a0 Giardino di Ninfa. Il gruppo, accompagnato dalla presidente dell\u2019associazione Francesca Innocenti e dal presidente della Fondazione, Tommaso Agnoni, ha trascorso alcune ore all\u2019interno del Giardino per una visita privata.<\/p>\n<p style=\"text-align: justify;\">\u201cLa Fondazione Roffredo Caetani \u2013 ha affermato al termine dell\u2019incontro il presidente Agnoni &#8211; ha avuto da sempre un dialogo privilegiato con alcune realt\u00e0 importanti del nostro territorio e, soprattutto negli ultimi anni, abbiamo voluto rafforzare questa linea di collaborazione aprendo al confronto con organizzazioni che sul fronte sociale si contraddistinguono per un impegno straordinario. E cos\u00ec \u2013 ha sottolineato Agnoni \u2013 dopo avere ospitato lo scorso anno gli operatori sanitari della Asl di Latina impegnati nella lotta al Covid e le loro famiglie, dopo avere sottoscritto con la Asl di Latina un progetto di apertura del Giardino dedicato alle persone socialmente svantaggiate, abbiamo avuto il piacere di dedicare una visita a Ninfa alle donne del Centro Lilith che ormai \u00e8 un punto di riferimento e un baluardo di libert\u00e0 e sostegno concreto per l\u2019universo femminile. D\u2019altro canto \u2013 ha concluso Agnoni \u2013 il Giardino di Ninfa \u00e8 il luogo naturale per ospitare associazioni che puntano alla tutela, alla valorizzazione e alla salvaguardia del ruolo delle donne nella nostra societ\u00e0 e porta da sempre con s\u00e9 un messaggio forte, dirompente, di quanto questo ruolo possa essere un valore aggiunto ed ineguagliabile che, nel caso di Ninfa, si esprime con tutta la bellezza e la bravura di cui le donne della famiglia Caetani sono state capaci. Bellezza e bravura riconosciute in tutto il mondo\u201d.<\/p>\n<p style=\"text-align: justify;\">&#8220;Le nostre operatrici antiviolenza da quando \u00e8 iniziata la pandemia da covid 19 sono state sempre al fianco di tutte le donne di Latina e della provincia che richiedevano di effettuare un percorso di fuoriuscita dalla violenza o che necessitavano di essere messe in protezione. I nostri servizi non si sono fermati mai neanche durante il lockdown. L\u2019opportunit\u00e0 dataci dalla fondazione Caetani ha fatto vivere un pomeriggio di spensieratezza arricchito dalla bellezza e dai colori e rumori del giardino e non possiamo che ringraziare per questo bellissimo regalo\u201d, ha detto la presidente del Centro Donna Lilith, Francesca Innocenti.<\/p>\n<p style=\"text-align: justify;\">L\u2019iniziativa ha ricevuto anche il plauso dell\u2019assessora regionale alle pari opportunit\u00e0, Enrica Onorati: &#8220;Davvero un grande grazie alla Fondazione Roffredo Caetani che ha dedicato una visita privata ai Giardini di Ninfa per le operatrici e le ospiti del Centro Donna Lilith, che da 35 anni \u00e8 al fianco delle donne nel contrasto alla violenza di genere, nei servizi di accoglienza e di sostegno per le vittime, nelle attivit\u00e0 di prevenzione, soprattutto nelle scuole. Il dono di una giornata nella meravigliosa e straordinaria cornice dei giardini, conosciuti per la loro unicit\u00e0 in tutto il mondo, \u00e8 simbolo del legame di solidariet\u00e0 che lega due esperienze virtuose e preziose del nostro territorio, che mi permetto di sottolineare fanno la differenza ogni giorno nel proprio lavoro, con dedizione e passione&#8221;.<\/p>\n<div class=\"radio-posizionamento-telefono-in-articoli-dopo-il-contenuto-articolo radio-entity-placement\" id=\"radio-2767442440\"><div id=\"radio-3611611231\" style=\"width: 300px;height: 250px;\"><a href=\"https:\/\/www.icarspa.it\/auto\/usate\/latina\/\" aria-label=\"banner aprile icar new life &#8211; auto usate latina\"><img loading=\"lazy\" decoding=\"async\" src=\"https:\/\/www.radioluna.it\/news\/wp-content\/uploads\/2026\/02\/banner-aprile-icar-new-life-auto-usate-latina.gif\" alt=\"\"  width=\"300\" height=\"250\"   \/><\/a><\/div><\/div>","protected":false},"excerpt":{"rendered":"<p>LATINA &#8211; Un gruppo di operatrici e di donne ospitate dal Centro Donna Lilith di Latina \u00e8 stato invitato dalla Fondazione Roffredo Caetani a visitare il\u00a0 Giardino di Ninfa. Il gruppo, accompagnato dalla presidente dell\u2019associazione Francesca Innocenti e dal presidente della Fondazione, Tommaso Agnoni, ha trascorso alcune ore all\u2019interno del Giardino per una visita privata. [&hellip;]<\/p>\n","protected":false},"author":60,"featured_media":290660,"comment_status":"open","ping_status":"open","sticky":false,"template":"","format":"standard","meta":{"footnotes":""},"categories":[735],"tags":[],"class_list":["post-290659","post","type-post","status-publish","format-standard","has-post-thumbnail","hentry","category-attualita"],"_links":{"self":[{"href":"https:\/\/www.radioluna.it\/news\/wp-json\/wp\/v2\/posts\/290659","targetHints":{"allow":["GET"]}}],"collection":[{"href":"https:\/\/www.radioluna.it\/news\/wp-json\/wp\/v2\/posts"}],"about":[{"href":"https:\/\/www.radioluna.it\/news\/wp-json\/wp\/v2\/types\/post"}],"author":[{"embeddable":true,"href":"https:\/\/www.radioluna.it\/news\/wp-json\/wp\/v2\/users\/60"}],"replies":[{"embeddable":true,"href":"https:\/\/www.radioluna.it\/news\/wp-json\/wp\/v2\/comments?post=290659"}],"version-history":[{"count":0,"href":"https:\/\/www.radioluna.it\/news\/wp-json\/wp\/v2\/posts\/290659\/revisions"}],"wp:featuredmedia":[{"embeddable":true,"href":"https:\/\/www.radioluna.it\/news\/wp-json\/wp\/v2\/media\/290660"}],"wp:attachment":[{"href":"https:\/\/www.radioluna.it\/news\/wp-json\/wp\/v2\/media?parent=290659"}],"wp:term":[{"taxonomy":"category","embeddable":true,"href":"https:\/\/www.radioluna.it\/news\/wp-json\/wp\/v2\/categories?post=290659"},{"taxonomy":"post_tag","embeddable":true,"href":"https:\/\/www.radioluna.it\/news\/wp-json\/wp\/v2\/tags?post=290659"}],"curies":[{"name":"wp","href":"https:\/\/api.w.org\/{rel}","templated":true}]}}