{"id":290663,"date":"2021-05-18T17:03:24","date_gmt":"2021-05-18T15:03:24","guid":{"rendered":"https:\/\/www.radioluna.it\/news\/?p=290663"},"modified":"2021-05-20T10:26:20","modified_gmt":"2021-05-20T08:26:20","slug":"latina-a-santa-domitilla-settimana-dedicata-al-beato-dei-millennials-carlo-acutis","status":"publish","type":"post","link":"https:\/\/www.radioluna.it\/news\/2021\/05\/latina-a-santa-domitilla-settimana-dedicata-al-beato-dei-millennials-carlo-acutis\/","title":{"rendered":"A Santa Domitilla settimana dedicata al Beato dei Millennials Carlo Acutis"},"content":{"rendered":"<div id=\"fb-root\"><\/div>\n<p><iframe loading=\"lazy\" style=\"border: none; overflow: hidden;\" src=\"https:\/\/www.facebook.com\/plugins\/video.php?height=314&amp;href=https%3A%2F%2Fwww.facebook.com%2F176935533005033%2Fvideos%2F123618209758518%2F&amp;show_text=false&amp;width=560\" width=\"560\" height=\"314\" frameborder=\"0\" scrolling=\"no\" allowfullscreen=\"allowfullscreen\"><\/iframe><\/p>\n<p style=\"text-align: justify;\"><strong>LATINA &#8211; <\/strong>A tre anni chiedeva di entrare in Chiesa per salutare Ges\u00f9. Mentre passeggiava da bambino raccoglieva margherite da portare alla Madonna. A sette anni ha chiesto di fare la Comunione e quando \u00e8 stato pi\u00f9 grande ha usato il pc e la rete per diffondere il Vangelo. E\u2019 morto di leucemia fulminante nel 2006, a 15 anni, in soli tre giorni, addormentandosi con il sorriso sulle labbra, e ora \u00e8 gi\u00e0 Beato, <strong>Carlo Acutis<\/strong>, lo studente milanese la cui storia ha commosso il mondo. Papa Francesco lo ha citato nella Christus vivit e nel suo ricordo, anche per proseguire la sua opera, si \u00e8 creata ed \u00e8 attiva una grande comunit\u00e0 mondiale.<\/p>\n<p style=\"text-align: justify;\">La foto di Carlo campeggia da qualche giorno sulla facciata di <strong>Santa Domitilla<\/strong> dove la statua che lo raffigura \u00e8 arrivata sabato 15 maggio seguita dalla mamma Antonia Salzano che ha tenuto un incontro per raccontare chi era suo figlio, il primo Millennials Beato.<\/p>\n<p style=\"text-align: justify;\">&#8220;Carlo viveva questa presenza costante di Ges\u00f9 nella sua vita&#8221;, ha raccontato la mamma. Sabato prossimo <strong>23 maggio alle 11,30<\/strong> a Santa Domitilla celebrer\u00e0 la Messa il<strong> cardinale Marcello Semeraro Prefetto della Congregazione delle cause dei Santi<\/strong>.<\/p>\n<div class=\"radio-posizionamento-telefono-in-articoli-dopo-il-contenuto-articolo radio-entity-placement\" id=\"radio-2773072072\"><div id=\"radio-2967399659\"><a href=\"https:\/\/grupporedi.it\/\" aria-label=\"Redi-Qr\"><img loading=\"lazy\" decoding=\"async\" src=\"https:\/\/www.radioluna.it\/news\/wp-content\/uploads\/2026\/03\/Redi-Qr.jpg\" alt=\"\"  srcset=\"https:\/\/www.radioluna.it\/news\/wp-content\/uploads\/2026\/03\/Redi-Qr.jpg 800w, https:\/\/www.radioluna.it\/news\/wp-content\/uploads\/2026\/03\/Redi-Qr-768x639.jpg 768w\" sizes=\"(max-width: 800px) 100vw, 800px\" width=\"300\" height=\"250\"   \/><\/a><\/div><\/div>","protected":false},"excerpt":{"rendered":"<p>LATINA &#8211; A tre anni chiedeva di entrare in Chiesa per salutare Ges\u00f9. Mentre passeggiava da bambino raccoglieva margherite da portare alla Madonna. A sette anni ha chiesto di fare la Comunione e quando \u00e8 stato pi\u00f9 grande ha usato il pc e la rete per diffondere il Vangelo. E\u2019 morto di leucemia fulminante nel [&hellip;]<\/p>\n","protected":false},"author":62,"featured_media":290665,"comment_status":"open","ping_status":"open","sticky":false,"template":"","format":"video","meta":{"footnotes":""},"categories":[735,2312],"tags":[4616,23,2154],"class_list":["post-290663","post","type-post","status-publish","format-video","has-post-thumbnail","hentry","category-attualita","category-video","tag-carlo-acutis","tag-latina","tag-notizie-di-latina","post_format-post-format-video"],"_links":{"self":[{"href":"https:\/\/www.radioluna.it\/news\/wp-json\/wp\/v2\/posts\/290663","targetHints":{"allow":["GET"]}}],"collection":[{"href":"https:\/\/www.radioluna.it\/news\/wp-json\/wp\/v2\/posts"}],"about":[{"href":"https:\/\/www.radioluna.it\/news\/wp-json\/wp\/v2\/types\/post"}],"author":[{"embeddable":true,"href":"https:\/\/www.radioluna.it\/news\/wp-json\/wp\/v2\/users\/62"}],"replies":[{"embeddable":true,"href":"https:\/\/www.radioluna.it\/news\/wp-json\/wp\/v2\/comments?post=290663"}],"version-history":[{"count":0,"href":"https:\/\/www.radioluna.it\/news\/wp-json\/wp\/v2\/posts\/290663\/revisions"}],"wp:featuredmedia":[{"embeddable":true,"href":"https:\/\/www.radioluna.it\/news\/wp-json\/wp\/v2\/media\/290665"}],"wp:attachment":[{"href":"https:\/\/www.radioluna.it\/news\/wp-json\/wp\/v2\/media?parent=290663"}],"wp:term":[{"taxonomy":"category","embeddable":true,"href":"https:\/\/www.radioluna.it\/news\/wp-json\/wp\/v2\/categories?post=290663"},{"taxonomy":"post_tag","embeddable":true,"href":"https:\/\/www.radioluna.it\/news\/wp-json\/wp\/v2\/tags?post=290663"}],"curies":[{"name":"wp","href":"https:\/\/api.w.org\/{rel}","templated":true}]}}