{"id":290718,"date":"2021-05-19T11:26:25","date_gmt":"2021-05-19T09:26:25","guid":{"rendered":"https:\/\/www.radioluna.it\/news\/?p=290718"},"modified":"2021-05-20T10:25:51","modified_gmt":"2021-05-20T08:25:51","slug":"fasce-frangivento-proseguono-i-lavori-sulla-litoranea-strada-chiusa","status":"publish","type":"post","link":"https:\/\/www.radioluna.it\/news\/2021\/05\/fasce-frangivento-proseguono-i-lavori-sulla-litoranea-strada-chiusa\/","title":{"rendered":"Fasce frangivento, proseguono i lavori sulla Litoranea, strada chiusa"},"content":{"rendered":"<div id=\"fb-root\"><\/div>\n<p style=\"text-align: justify;\"><strong>LATINA &#8211; <\/strong>Proseguono i lavori messa in sicurezza delle fasce frangivento di propriet\u00e0 regionale lungo la Strada Provinciale 46 Litoranea nel tratto compreso tra il km 9+450 (incrocio <acronym lang=\"it\" title=\"Strada Provinciale \">S.P.<\/acronym>\u00a0Migliara 45) e il Km. 6+150(incrocio con\u00a0<acronym lang=\"it\" title=\"Strada Provinciale \">S.P.<\/acronym> Fogliano Borgo Sabotino). Oggi, chi, da Borgo Isonzo arriva al bivio di Fogliano, trova il cartello &#8220;strada chiusa&#8221; e\u00a0 non \u00e8 possibile infatti da quel punto imboccare la Litoranea verso Borgo Grappa.<\/p>\n<p style=\"text-align: justify;\">L&#8217;Ordinanza che stabilisce il divieto \u00e8 la n. 15 del 26 aprile 2021 del Settore Viabilit\u00e0 e Trasporti con cui \u00e8 stata disposta la chiusura temporanea al traffico veicolare della <acronym lang=\"it\" title=\"Strada Provinciale \">S.P.<\/acronym>\u00a046 Litoranea dal Km. 9+450 al Km. 6+150 ad eccezione dei residenti, mezzi di soccorso e del servizio di trasporto pubblico urbano e extraurbano, nella fascia oraria compresa dalle ore 7.30 alle ore 17.30,\u00a0con decorrenza dal giorno 03 Maggio 2021 e fino al termine dei lavori previsto per il giorno 11 Giugno 2021.<\/p>\n<div class=\"radio-posizionamento-telefono-in-articoli-dopo-il-contenuto-articolo radio-entity-placement\" id=\"radio-3880616724\"><div id=\"radio-841625581\" style=\"width: 300px;height: 250px;\"><a href=\"https:\/\/www.icarspa.it\/auto\/usate\/latina\/\" aria-label=\"banner aprile icar new life &#8211; auto usate latina\"><img loading=\"lazy\" decoding=\"async\" src=\"https:\/\/www.radioluna.it\/news\/wp-content\/uploads\/2026\/02\/banner-aprile-icar-new-life-auto-usate-latina.gif\" alt=\"\"  width=\"300\" height=\"250\"   \/><\/a><\/div><\/div>","protected":false},"excerpt":{"rendered":"<p>LATINA &#8211; Proseguono i lavori messa in sicurezza delle fasce frangivento di propriet\u00e0 regionale lungo la Strada Provinciale 46 Litoranea nel tratto compreso tra il km 9+450 (incrocio S.P.\u00a0Migliara 45) e il Km. 6+150(incrocio con\u00a0S.P. Fogliano Borgo Sabotino). Oggi, chi, da Borgo Isonzo arriva al bivio di Fogliano, trova il cartello &#8220;strada chiusa&#8221; e\u00a0 non [&hellip;]<\/p>\n","protected":false},"author":62,"featured_media":290719,"comment_status":"open","ping_status":"open","sticky":false,"template":"","format":"standard","meta":{"footnotes":""},"categories":[735],"tags":[4630,4631],"class_list":["post-290718","post","type-post","status-publish","format-standard","has-post-thumbnail","hentry","category-attualita","tag-latina-litoranea-fogliano","tag-strada-interrotta-a-fogliano"],"_links":{"self":[{"href":"https:\/\/www.radioluna.it\/news\/wp-json\/wp\/v2\/posts\/290718","targetHints":{"allow":["GET"]}}],"collection":[{"href":"https:\/\/www.radioluna.it\/news\/wp-json\/wp\/v2\/posts"}],"about":[{"href":"https:\/\/www.radioluna.it\/news\/wp-json\/wp\/v2\/types\/post"}],"author":[{"embeddable":true,"href":"https:\/\/www.radioluna.it\/news\/wp-json\/wp\/v2\/users\/62"}],"replies":[{"embeddable":true,"href":"https:\/\/www.radioluna.it\/news\/wp-json\/wp\/v2\/comments?post=290718"}],"version-history":[{"count":0,"href":"https:\/\/www.radioluna.it\/news\/wp-json\/wp\/v2\/posts\/290718\/revisions"}],"wp:featuredmedia":[{"embeddable":true,"href":"https:\/\/www.radioluna.it\/news\/wp-json\/wp\/v2\/media\/290719"}],"wp:attachment":[{"href":"https:\/\/www.radioluna.it\/news\/wp-json\/wp\/v2\/media?parent=290718"}],"wp:term":[{"taxonomy":"category","embeddable":true,"href":"https:\/\/www.radioluna.it\/news\/wp-json\/wp\/v2\/categories?post=290718"},{"taxonomy":"post_tag","embeddable":true,"href":"https:\/\/www.radioluna.it\/news\/wp-json\/wp\/v2\/tags?post=290718"}],"curies":[{"name":"wp","href":"https:\/\/api.w.org\/{rel}","templated":true}]}}