{"id":290808,"date":"2021-05-20T17:20:41","date_gmt":"2021-05-20T15:20:41","guid":{"rendered":"https:\/\/www.radioluna.it\/news\/?p=290808"},"modified":"2021-05-20T17:20:41","modified_gmt":"2021-05-20T15:20:41","slug":"giovani-progressisti-con-coletta-sindaco-primo-incontro-allevergreen","status":"publish","type":"post","link":"https:\/\/www.radioluna.it\/news\/2021\/05\/giovani-progressisti-con-coletta-sindaco-primo-incontro-allevergreen\/","title":{"rendered":"Giovani progressisti con Coletta sindaco: primo incontro all&#8217;Evergreen"},"content":{"rendered":"<div id=\"fb-root\"><\/div>\n<p style=\"text-align: justify;\"><strong>LATINA<\/strong> &#8211;\u00a0 &#8220;Latina \u00e8 una citt\u00e0 giovane, ma quale ruolo hanno i giovani nel nostro contesto territoriale? E soprattutto possono incidere nel futuro di Latina?&#8221;. Se lo sono chiesto le realt\u00e0 giovanili del mondo progressista che si sono date appuntamento per la prima convention in vista delle Amministrative, domani,<strong> venerd\u00ec 21 maggio, alle 18 al parco Evergreen<\/strong>.<\/p>\n<p style=\"text-align: justify;\">Ad animare\u00a0 il\u00a0 coordinamento giovanile ci sono\u00a0 la capogruppo di LBC in consiglio comunale <strong>Valeria Campagna<\/strong>, <strong>Leonardo Majocchi<\/strong> dei Giovani Democratici e <strong>Francesco Pannone<\/strong> del Movimento Giovanile della Sinistra (Articolo Uno). Con loro anche il gruppo<strong> Latina Young<\/strong>, un think tank trasversale nato per sostenere la candidatura di Damiano Coletta, composto da giovani che hanno lavorato negli scorsi mesi per portare le loro idee e fare proposte concrete per la citt\u00e0 che hanno raccolto in una proposta di documento programmatico gi\u00e0 consegnata al sindaco; e <strong>Respiro<\/strong>,\u00a0 laboratorio nato dall\u2019omonima festa dello scorso settembre e principale sponsor dell\u2019elezione della neo eletta coordinatrice del<strong> Forum dei Giovani Gabriella Taboga<\/strong>.<\/p>\n<p style=\"text-align: justify;\">\u201cQuesto gruppo rappresenta tante realt\u00e0 del mondo giovanile pontino \u2013 spiegano gli organizzatori \u2013 che in questi anni ha lavorato per dare rappresentativit\u00e0 e protagonismo alle nuove generazioni e per contribuire allo sprigionamento di energie che il nostro territorio esprime sul piano politico, economico, culturale e sociale. Crediamo fortemente \u2013 continuano \u2013 che debba esserci una connessione tra esigenze individuali e collettive e che la politica debba fare sintesi e dare voce ai problemi gravi che la nostra citt\u00e0 affronta e affronter\u00e0 nei prossimi anni, affinch\u00e9 il \u201cprotagonismo giovanile\u201d non sia una bandierina per la campagna elettorale, ma un\u2019opportunit\u00e0 per concretizzare le speranze dei tanti che credono in un cambiamento reale\u201d.<\/p>\n<p style=\"text-align: justify;\"><strong>Il sindaco Damiano Coletta<\/strong> parteciper\u00e0 e interverr\u00e0 durante l\u2019iniziativa organizzata dai giovani di Latina. Modera l\u2019incontro <strong>Filippo Vaccaro<\/strong> di Primavera di Legalit\u00e0.<\/p>\n<p>&nbsp;<\/p>\n<div class=\"radio-posizionamento-telefono-in-articoli-dopo-il-contenuto-articolo radio-entity-placement\" id=\"radio-275364850\"><div id=\"radio-547099821\"><a href=\"https:\/\/www.simeoneceramiche.com\/\" aria-label=\"SIMEONE CERAMICHE GIF animata per radioluna_Tavola disegno 1 copia 2 (online-video-cutter.com)\"><img loading=\"lazy\" decoding=\"async\" src=\"https:\/\/www.radioluna.it\/news\/wp-content\/uploads\/2025\/05\/SIMEONE-CERAMICHE-GIF-animata-per-radioluna_Tavola-disegno-1-copia-2-online-video-cutter.com_.gif\" alt=\"\"  width=\"300\" height=\"250\"   \/><\/a><\/div><\/div>","protected":false},"excerpt":{"rendered":"<p>LATINA &#8211;\u00a0 &#8220;Latina \u00e8 una citt\u00e0 giovane, ma quale ruolo hanno i giovani nel nostro contesto territoriale? E soprattutto possono incidere nel futuro di Latina?&#8221;. Se lo sono chiesto le realt\u00e0 giovanili del mondo progressista che si sono date appuntamento per la prima convention in vista delle Amministrative, domani, venerd\u00ec 21 maggio, alle 18 al [&hellip;]<\/p>\n","protected":false},"author":62,"featured_media":290809,"comment_status":"open","ping_status":"open","sticky":false,"template":"","format":"standard","meta":{"footnotes":""},"categories":[8],"tags":[4644,93,4645,23,4642,4643,2154,1063],"class_list":["post-290808","post","type-post","status-publish","format-standard","has-post-thumbnail","hentry","category-politica","tag-amministrative-a-latina","tag-campagna","tag-giovani-latina-coletta","tag-latina","tag-latina-young","tag-majocchi","tag-notizie-di-latina","tag-pannone"],"_links":{"self":[{"href":"https:\/\/www.radioluna.it\/news\/wp-json\/wp\/v2\/posts\/290808","targetHints":{"allow":["GET"]}}],"collection":[{"href":"https:\/\/www.radioluna.it\/news\/wp-json\/wp\/v2\/posts"}],"about":[{"href":"https:\/\/www.radioluna.it\/news\/wp-json\/wp\/v2\/types\/post"}],"author":[{"embeddable":true,"href":"https:\/\/www.radioluna.it\/news\/wp-json\/wp\/v2\/users\/62"}],"replies":[{"embeddable":true,"href":"https:\/\/www.radioluna.it\/news\/wp-json\/wp\/v2\/comments?post=290808"}],"version-history":[{"count":0,"href":"https:\/\/www.radioluna.it\/news\/wp-json\/wp\/v2\/posts\/290808\/revisions"}],"wp:featuredmedia":[{"embeddable":true,"href":"https:\/\/www.radioluna.it\/news\/wp-json\/wp\/v2\/media\/290809"}],"wp:attachment":[{"href":"https:\/\/www.radioluna.it\/news\/wp-json\/wp\/v2\/media?parent=290808"}],"wp:term":[{"taxonomy":"category","embeddable":true,"href":"https:\/\/www.radioluna.it\/news\/wp-json\/wp\/v2\/categories?post=290808"},{"taxonomy":"post_tag","embeddable":true,"href":"https:\/\/www.radioluna.it\/news\/wp-json\/wp\/v2\/tags?post=290808"}],"curies":[{"name":"wp","href":"https:\/\/api.w.org\/{rel}","templated":true}]}}