{"id":290838,"date":"2021-05-23T09:41:55","date_gmt":"2021-05-23T07:41:55","guid":{"rendered":"https:\/\/www.radioluna.it\/news\/?p=290838"},"modified":"2021-05-26T11:29:00","modified_gmt":"2021-05-26T09:29:00","slug":"il-cardinale-semeraro-domenica-a-latina-per-il-beato-dei-millenials-carlo-acutis","status":"publish","type":"post","link":"https:\/\/www.radioluna.it\/news\/2021\/05\/il-cardinale-semeraro-domenica-a-latina-per-il-beato-dei-millenials-carlo-acutis\/","title":{"rendered":"Il cardinale Semeraro domenica a Latina per il Beato dei Millenials Carlo Acutis"},"content":{"rendered":"<div id=\"fb-root\"><\/div>\n<p style=\"text-align: justify;\"><strong>LATINA<\/strong> &#8211; <strong>La Messa celebrata dal cardinale Marcello Semeraro, prefetto della Congregazione delle cause dei Santi<\/strong> chiuder\u00e0 domenica a<strong> Santa Domitilla<\/strong>, l&#8217;intesa settimana dedicata al <strong>primo Beato dei Millenials, Carlo Acutis<\/strong>, aperta, sabato scorso, dall&#8217;arrivo della statua, seguito dalla celebrazione del <strong>vescovo di Latina Mariano Crociata<\/strong> e dall&#8217;intervento della mamma dello speciale ragazzo che sin da piccolo ha abbracciato la fede.<\/p>\n<p style=\"text-align: justify;\">&#8220;Un<b>\u00a0ragazzo normale, semplice, spontaneo<\/b>, simpatico, amava la natura e gli animali, giocava a calcio, aveva tanti amici suoi coetanei, era attratto dai mezzi moderni della comunicazione sociale, appassionato di informatica, e da autodidatta costruiva programmi per trasmettere il Vangelo, per comunicare valori e bellezza&#8221;, cos\u00ec lo aveva descritto il cardinale\u00a0<b>Agostino Vallini<\/b>, legato pontifico per le Basiliche di San Francesco e di Santa Maria degli Angeli durante la Messa di beatificazione.<\/p>\n<p style=\"text-align: justify;\">A Latina, nella chiesa di Santa Domitilla, sabato scorso, chi era Carlo, lo raccontato anche la mamma, Antonia Salzano che racconta di aver ricevuto segni da lui dopo la morte a soli 15 anni, per una leucemia fulminante. Le sue\u00a0 azioni quando era in vita hanno fatto s\u00ec che la Chiesa lo volesse Beato, che Papa Francesco lo citasse nella Christus vivit e che il suo ricordo stimolasse la nascita di una grande comunit\u00e0 mondiale che lo segue e lo vorrebbe Santo subito. La famiglia di Carlo ha voluto visitare prima la casa di un\u2019altra giovane beata, S. Maria Goretti a Le Ferriere.<\/p>\n<p style=\"text-align: justify;\">Nel nome di Carlo e con il suo aiuto Papa Francesco, don Yoannis Lahzi Gaid, Presidente dell\u2019Associazione Bambino Ges\u00f9 del Cairo onlus \u2013 www.bambinogesu-eg.com, viceparroco di Santa Domitilla ed ex segretario particolare del Papa, sta costruendo un orfanotrofio alla periferia della nuova capitale amministrativa del Cairo. La Statua del beato Carlo Acutis rester\u00e0 a Latina ancora un po&#8217; prima di partire per la destinazione finale che \u00e8 proprio l&#8217;Orfanotrofio &#8220;Oasi della piet\u00e0&#8221;. In progetto anche la costruzione di un ospedale legato al Bambino Ges\u00f9 di Roma, il primo al mondo che porter\u00e0 lo stesso nome \u201cBambino Ges\u00f9 del Cairo\u201d.<\/p>\n<p><img loading=\"lazy\" decoding=\"async\" class=\"aligncenter size-full wp-image-290839\" src=\"https:\/\/www.radioluna.it\/news\/wp-content\/uploads\/2021\/05\/carlo-acutis.jpg\" alt=\"\" width=\"1261\" height=\"1216\" srcset=\"https:\/\/www.radioluna.it\/news\/wp-content\/uploads\/2021\/05\/carlo-acutis.jpg 1261w, https:\/\/www.radioluna.it\/news\/wp-content\/uploads\/2021\/05\/carlo-acutis-768x741.jpg 768w\" sizes=\"auto, (max-width: 1261px) 100vw, 1261px\" \/><\/p>\n","protected":false},"excerpt":{"rendered":"<p>LATINA &#8211; La Messa celebrata dal cardinale Marcello Semeraro, prefetto della Congregazione delle cause dei Santi chiuder\u00e0 domenica a Santa Domitilla, l&#8217;intesa settimana dedicata al primo Beato dei Millenials, Carlo Acutis, aperta, sabato scorso, dall&#8217;arrivo della statua, seguito dalla celebrazione del vescovo di Latina Mariano Crociata e dall&#8217;intervento della mamma dello speciale ragazzo che sin [&hellip;]<\/p>\n","protected":false},"author":62,"featured_media":290840,"comment_status":"open","ping_status":"open","sticky":false,"template":"","format":"standard","meta":{"footnotes":""},"categories":[735],"tags":[4654,4653,4652],"class_list":["post-290838","post","type-post","status-publish","format-standard","has-post-thumbnail","hentry","category-attualita","tag-beato-millenials-carlo-acutis","tag-cardinale-semeraro-a-latina","tag-carlo-acutis-a-latina"],"_links":{"self":[{"href":"https:\/\/www.radioluna.it\/news\/wp-json\/wp\/v2\/posts\/290838","targetHints":{"allow":["GET"]}}],"collection":[{"href":"https:\/\/www.radioluna.it\/news\/wp-json\/wp\/v2\/posts"}],"about":[{"href":"https:\/\/www.radioluna.it\/news\/wp-json\/wp\/v2\/types\/post"}],"author":[{"embeddable":true,"href":"https:\/\/www.radioluna.it\/news\/wp-json\/wp\/v2\/users\/62"}],"replies":[{"embeddable":true,"href":"https:\/\/www.radioluna.it\/news\/wp-json\/wp\/v2\/comments?post=290838"}],"version-history":[{"count":0,"href":"https:\/\/www.radioluna.it\/news\/wp-json\/wp\/v2\/posts\/290838\/revisions"}],"wp:featuredmedia":[{"embeddable":true,"href":"https:\/\/www.radioluna.it\/news\/wp-json\/wp\/v2\/media\/290840"}],"wp:attachment":[{"href":"https:\/\/www.radioluna.it\/news\/wp-json\/wp\/v2\/media?parent=290838"}],"wp:term":[{"taxonomy":"category","embeddable":true,"href":"https:\/\/www.radioluna.it\/news\/wp-json\/wp\/v2\/categories?post=290838"},{"taxonomy":"post_tag","embeddable":true,"href":"https:\/\/www.radioluna.it\/news\/wp-json\/wp\/v2\/tags?post=290838"}],"curies":[{"name":"wp","href":"https:\/\/api.w.org\/{rel}","templated":true}]}}