{"id":291106,"date":"2021-05-25T17:16:34","date_gmt":"2021-05-25T15:16:34","guid":{"rendered":"https:\/\/www.radioluna.it\/news\/?p=291106"},"modified":"2021-05-25T19:10:50","modified_gmt":"2021-05-25T17:10:50","slug":"saldi-nel-lazio-al-via-il-3-luglio-ok-a-vendite-promozionali-dei-30-giorni-precedenti","status":"publish","type":"post","link":"https:\/\/www.radioluna.it\/news\/2021\/05\/saldi-nel-lazio-al-via-il-3-luglio-ok-a-vendite-promozionali-dei-30-giorni-precedenti\/","title":{"rendered":"Saldi, nel Lazio al via il 3 luglio. Ok a vendite promozionali dei 30 giorni precedenti"},"content":{"rendered":"<div id=\"fb-root\"><\/div>\n<p style=\"text-align: justify;\">La Giunta regionale del Lazio ha approvato in prima lettura la delibera che fissa la data dell\u2019inizio dei saldi estivi nel Lazio a sabato 3 luglio. La scelta della data \u00e8 maturata a seguito degli orientamenti prevalenti emersi in Conferenza delle Regioni e sulla base del confronto avuto nei giorni scorsi con le associazioni di categoria degli operatori commerciali. Confermata anche la possibilit\u00e0 di effettuare vendite promozionali nei 30 giorni precedenti la data fissata di inizio saldi.<\/p>\n<p style=\"text-align: justify;\">\u201cMi auguro che l\u2019avvio da sabato 3 luglio dei saldi estivi 2021 e la nostra scelta di consentire lo svolgimento delle vendite promozionali anche nei 30 giorni che precedono la data di inizio saldi, possano contribuire a dare ossigeno alle attivit\u00e0 commerciali del nostro territorio e a sostenere la ripartenza dei consumi dopo questi lunghi mesi di sofferenza\u201d, ha commentato l\u2019assessore regionale allo Sviluppo Economico, Commercio e Artigianato, Universit\u00e0, Ricerca, Start Up e Innovazione, Paolo Orneli.<\/p>\n<p style=\"text-align: justify;\">&#8220;La deroga al divieto di praticare ribassi di prezzo nei 30 giorni precedenti, \u00e8 dovuta alla modifica al Testo Unico del Commercio (Tuc) approvata all\u2019unanimit\u00e0 dal Consiglio regionale il 27 maggio dello scorso anno, per assicurare al settore del commercio del Lazio misure utili alla ripresa delle attivit\u00e0 economiche e alla ripartenza del settore -spiegano dalla Regione . Su questa delibera, come prevede lo stesso Tuc, dovr\u00e0 esprimersi la Commissione XI (Sviluppo economico e attivit\u00e0 produttive, start-up, commercio, artigianato, industria, tutela dei consumatori, ricerca e innovazione), prima della definitiva approvazione in Giunta regionale.<\/p>\n","protected":false},"excerpt":{"rendered":"<p>La Giunta regionale del Lazio ha approvato in prima lettura la delibera che fissa la data dell\u2019inizio dei saldi estivi nel Lazio a sabato 3 luglio. La scelta della data \u00e8 maturata a seguito degli orientamenti prevalenti emersi in Conferenza delle Regioni e sulla base del confronto avuto nei giorni scorsi con le associazioni di [&hellip;]<\/p>\n","protected":false},"author":62,"featured_media":6034,"comment_status":"open","ping_status":"open","sticky":false,"template":"","format":"standard","meta":{"footnotes":""},"categories":[735],"tags":[],"class_list":["post-291106","post","type-post","status-publish","format-standard","has-post-thumbnail","hentry","category-attualita"],"_links":{"self":[{"href":"https:\/\/www.radioluna.it\/news\/wp-json\/wp\/v2\/posts\/291106","targetHints":{"allow":["GET"]}}],"collection":[{"href":"https:\/\/www.radioluna.it\/news\/wp-json\/wp\/v2\/posts"}],"about":[{"href":"https:\/\/www.radioluna.it\/news\/wp-json\/wp\/v2\/types\/post"}],"author":[{"embeddable":true,"href":"https:\/\/www.radioluna.it\/news\/wp-json\/wp\/v2\/users\/62"}],"replies":[{"embeddable":true,"href":"https:\/\/www.radioluna.it\/news\/wp-json\/wp\/v2\/comments?post=291106"}],"version-history":[{"count":0,"href":"https:\/\/www.radioluna.it\/news\/wp-json\/wp\/v2\/posts\/291106\/revisions"}],"wp:featuredmedia":[{"embeddable":true,"href":"https:\/\/www.radioluna.it\/news\/wp-json\/wp\/v2\/media\/6034"}],"wp:attachment":[{"href":"https:\/\/www.radioluna.it\/news\/wp-json\/wp\/v2\/media?parent=291106"}],"wp:term":[{"taxonomy":"category","embeddable":true,"href":"https:\/\/www.radioluna.it\/news\/wp-json\/wp\/v2\/categories?post=291106"},{"taxonomy":"post_tag","embeddable":true,"href":"https:\/\/www.radioluna.it\/news\/wp-json\/wp\/v2\/tags?post=291106"}],"curies":[{"name":"wp","href":"https:\/\/api.w.org\/{rel}","templated":true}]}}