{"id":291185,"date":"2021-05-26T11:26:02","date_gmt":"2021-05-26T09:26:02","guid":{"rendered":"https:\/\/www.radioluna.it\/news\/?p=291185"},"modified":"2021-05-26T19:17:00","modified_gmt":"2021-05-26T17:17:00","slug":"a-latina-il-lungomare-diventa-zona-30-piu-autobus","status":"publish","type":"post","link":"https:\/\/www.radioluna.it\/news\/2021\/05\/a-latina-il-lungomare-diventa-zona-30-piu-autobus\/","title":{"rendered":"A Latina il lungomare diventa Zona 30. Pi\u00f9 autobus"},"content":{"rendered":"<div id=\"fb-root\"><\/div>\n<p style=\"text-align: justify;\"><strong>LATINA<\/strong> &#8211; Il lungomare di Latina diventer\u00e0 Zona 30 e si spera cos\u00ec di non vedere pi\u00f9 le auto sfrecciare a tutta velocit\u00e0, schivando i dossi, in una strada che \u00e8 diventata naturale luogo di passeggio e di\u00a0 sport anche fuori stagione. Dopo le aree intorno ad alcune scuole del capoluogo, il limite di velocit\u00e0 riguarder\u00e0 la strada a ridosso delle spiagge. L&#8217;annuncio \u00e8 stato dato in Commissione Mobilit\u00e0 e Trasporti presieduta dal consigliere Gianni Rinaldi dove \u00e8 stata anticipata la novit\u00e0 che partir\u00e0 da met\u00e0 giugno.<br \/>\nLe altre novit\u00e0 riguardano la frequenza maggiore dei mezzi del trasporto pubblico CSC sulla tratta Latina-Latina Mare (lato destro e lato sinistro) che, rispetto allo scorso anno, passa da una corsa ogni 23 minuti a una corsa circa ogni 15 minuti, in aggiunta alle tre corse serali e notturne del venerd\u00ec e del sabato.<br \/>\n&#8220;Abbiamo raccolto le istanze provenienti dal nostro vasto e policentrico territorio e abbiamo strutturato una prima, inedita risposta che contiamo potr\u00e0 tornare utile anche per tutte quelle persone che vogliono raggiungere la nostra localit\u00e0 balneare spostandosi, perch\u00e9 no, esclusivamente con i mezzi pubblici (treno\/autobus) dalle citt\u00e0 intorno Latina&#8221;, spiega l&#8217;assessore all&#8217;Ambiente Dario Bellini.<br \/>\nSHARING:\u00a0 Sar\u00e0 allargata l&#8217;area di transito di monopattini e biciclette a pedalata assistita di Helbiz. I mezzi (ancora troppo bistrattati da chi li usa e letteralmente li abbandona gettandoli al centro di marciapiedi e strade o nei punti pi\u00f9 assurdi dei parchi) potranno arrivare\u00a0 sul lungomare a destra e a sinistra. &#8220;Verranno implementati altri 150 monopattini con postazioni di noleggio lungo la pista ciclabile di Via del Lido e del lungomare questo per continuare ad offrire opportunit\u00e0 di spostamento alternative all\u2019auto privata&#8221;, aggiunge Bellini.<\/p>\n<p>Le nuove tratte che saranno operative dal 15 giugno a titolo sperimentale, tutte dirette verso il mare, con tre corse dedicate al giorno, sono:<br \/>\n-BORGHI NORD\/MARE (Borgo Piave, Chiesuola, Borgo Carso, Podgora, Montello, Bainsizza, Santa Maria, Sabotino)<br \/>\n-BORGHI SUD\/MARE (Borgo Faiti, San Michele, Grappa)<br \/>\n-LATINA SCALO\/MARE<\/p>\n<p style=\"text-align: justify;\">Dal 15 giugno in tutto il lungomare sar\u00e0 istituito il limite di velocit\u00e0 di 30km\/h.<\/p>\n","protected":false},"excerpt":{"rendered":"<p>LATINA &#8211; Il lungomare di Latina diventer\u00e0 Zona 30 e si spera cos\u00ec di non vedere pi\u00f9 le auto sfrecciare a tutta velocit\u00e0, schivando i dossi, in una strada che \u00e8 diventata naturale luogo di passeggio e di\u00a0 sport anche fuori stagione. Dopo le aree intorno ad alcune scuole del capoluogo, il limite di velocit\u00e0 [&hellip;]<\/p>\n","protected":false},"author":62,"featured_media":250763,"comment_status":"open","ping_status":"open","sticky":false,"template":"","format":"standard","meta":{"footnotes":""},"categories":[735],"tags":[4691,23,180,424,2154],"class_list":["post-291185","post","type-post","status-publish","format-standard","has-post-thumbnail","hentry","category-attualita","tag-bus-per-latina-mare","tag-latina","tag-latina-lido","tag-lungomare-latina","tag-notizie-di-latina"],"_links":{"self":[{"href":"https:\/\/www.radioluna.it\/news\/wp-json\/wp\/v2\/posts\/291185","targetHints":{"allow":["GET"]}}],"collection":[{"href":"https:\/\/www.radioluna.it\/news\/wp-json\/wp\/v2\/posts"}],"about":[{"href":"https:\/\/www.radioluna.it\/news\/wp-json\/wp\/v2\/types\/post"}],"author":[{"embeddable":true,"href":"https:\/\/www.radioluna.it\/news\/wp-json\/wp\/v2\/users\/62"}],"replies":[{"embeddable":true,"href":"https:\/\/www.radioluna.it\/news\/wp-json\/wp\/v2\/comments?post=291185"}],"version-history":[{"count":0,"href":"https:\/\/www.radioluna.it\/news\/wp-json\/wp\/v2\/posts\/291185\/revisions"}],"wp:featuredmedia":[{"embeddable":true,"href":"https:\/\/www.radioluna.it\/news\/wp-json\/wp\/v2\/media\/250763"}],"wp:attachment":[{"href":"https:\/\/www.radioluna.it\/news\/wp-json\/wp\/v2\/media?parent=291185"}],"wp:term":[{"taxonomy":"category","embeddable":true,"href":"https:\/\/www.radioluna.it\/news\/wp-json\/wp\/v2\/categories?post=291185"},{"taxonomy":"post_tag","embeddable":true,"href":"https:\/\/www.radioluna.it\/news\/wp-json\/wp\/v2\/tags?post=291185"}],"curies":[{"name":"wp","href":"https:\/\/api.w.org\/{rel}","templated":true}]}}