{"id":291204,"date":"2021-05-26T13:19:03","date_gmt":"2021-05-26T11:19:03","guid":{"rendered":"https:\/\/www.radioluna.it\/news\/?p=291204"},"modified":"2021-05-26T13:43:57","modified_gmt":"2021-05-26T11:43:57","slug":"parco-san-marco-salvati-i-giovani-alberi-partono-i-lavori-per-il-parcheggio","status":"publish","type":"post","link":"https:\/\/www.radioluna.it\/news\/2021\/05\/parco-san-marco-salvati-i-giovani-alberi-partono-i-lavori-per-il-parcheggio\/","title":{"rendered":"Parco San Marco, &#8220;salvati&#8221; i giovani alberi, partono i lavori per il parcheggio"},"content":{"rendered":"<div id=\"fb-root\"><\/div>\n<p style=\"text-align: justify;\"><strong>LATINA<\/strong> &#8211; Nella porzione di Parco San Marco, di fronte all&#8217;ospedale di Latina,\u00a0 destinata a diventare parcheggio a servizio della struttura sanitaria, hanno oggi cominciati il loro lavoro, le ruspe e gli altri mezzi d&#8217;opera che dovranno asportare la terra per livellare il piano, prima di procedere alla realizzazione dell&#8217;area sosta per 170 posti (contro i 400 previsti dal piano iniziale). Un progetto lungamente atteso, ma anche contestato da alcuni proprio perch\u00e9 ricadente nella parte estrema del frequentatissimo giardino comunale.<\/p>\n<p style=\"text-align: justify;\">La prima attivit\u00e0, dopo la delimitazione della zona di cantiere,\u00a0 \u00e8 stata quella svolta dai\u00a0 giardinieri comunali che hanno &#8220;prelevato&#8221; i giovani alberi piantati due anni fa dai volontari di Libero Orto proprio con l&#8217;intenzione di limitare l&#8217;ingresso delle auto. Le piante, che rischiavano di morire se ripiantumate all&#8217;inizio della stagione estiva, sono state invasate e prese in consegna dal gruppo di dipendenti del Comune di Latina che si occupa della cura del verde pubblico e saranno restituite a Parco San Marco in autunno.<\/p>\n<p style=\"text-align: justify;\">La terra rimossa durante i lavori sar\u00e0 invece portata in Piazza Ilaria Alpi per completare il progetto che riguarda il popoloso quartiere dove \u00e8 operativo uno dei pi\u00f9 attivi Patti di Collaborazione tra cittadini e Comune.<\/p>\n<div class=\"radio-posizionamento-telefono-in-articoli-dopo-il-contenuto-articolo radio-entity-placement\" id=\"radio-209753252\"><div id=\"radio-3157235891\"><a href=\"https:\/\/www.simeoneceramiche.com\/\" aria-label=\"SIMEONE CERAMICHE GIF animata per radioluna_Tavola disegno 1 copia 2 (online-video-cutter.com)\"><img loading=\"lazy\" decoding=\"async\" src=\"https:\/\/www.radioluna.it\/news\/wp-content\/uploads\/2025\/05\/SIMEONE-CERAMICHE-GIF-animata-per-radioluna_Tavola-disegno-1-copia-2-online-video-cutter.com_.gif\" alt=\"\"  width=\"300\" height=\"250\"   \/><\/a><\/div><\/div>","protected":false},"excerpt":{"rendered":"<p>LATINA &#8211; Nella porzione di Parco San Marco, di fronte all&#8217;ospedale di Latina,\u00a0 destinata a diventare parcheggio a servizio della struttura sanitaria, hanno oggi cominciati il loro lavoro, le ruspe e gli altri mezzi d&#8217;opera che dovranno asportare la terra per livellare il piano, prima di procedere alla realizzazione dell&#8217;area sosta per 170 posti (contro [&hellip;]<\/p>\n","protected":false},"author":62,"featured_media":291205,"comment_status":"open","ping_status":"open","sticky":false,"template":"","format":"standard","meta":{"footnotes":""},"categories":[7],"tags":[],"class_list":["post-291204","post","type-post","status-publish","format-standard","has-post-thumbnail","hentry","category-cronaca"],"_links":{"self":[{"href":"https:\/\/www.radioluna.it\/news\/wp-json\/wp\/v2\/posts\/291204","targetHints":{"allow":["GET"]}}],"collection":[{"href":"https:\/\/www.radioluna.it\/news\/wp-json\/wp\/v2\/posts"}],"about":[{"href":"https:\/\/www.radioluna.it\/news\/wp-json\/wp\/v2\/types\/post"}],"author":[{"embeddable":true,"href":"https:\/\/www.radioluna.it\/news\/wp-json\/wp\/v2\/users\/62"}],"replies":[{"embeddable":true,"href":"https:\/\/www.radioluna.it\/news\/wp-json\/wp\/v2\/comments?post=291204"}],"version-history":[{"count":0,"href":"https:\/\/www.radioluna.it\/news\/wp-json\/wp\/v2\/posts\/291204\/revisions"}],"wp:featuredmedia":[{"embeddable":true,"href":"https:\/\/www.radioluna.it\/news\/wp-json\/wp\/v2\/media\/291205"}],"wp:attachment":[{"href":"https:\/\/www.radioluna.it\/news\/wp-json\/wp\/v2\/media?parent=291204"}],"wp:term":[{"taxonomy":"category","embeddable":true,"href":"https:\/\/www.radioluna.it\/news\/wp-json\/wp\/v2\/categories?post=291204"},{"taxonomy":"post_tag","embeddable":true,"href":"https:\/\/www.radioluna.it\/news\/wp-json\/wp\/v2\/tags?post=291204"}],"curies":[{"name":"wp","href":"https:\/\/api.w.org\/{rel}","templated":true}]}}