{"id":291207,"date":"2021-05-26T10:31:01","date_gmt":"2021-05-26T08:31:01","guid":{"rendered":"https:\/\/www.radioluna.it\/news\/?p=291207"},"modified":"2021-05-26T19:17:09","modified_gmt":"2021-05-26T17:17:09","slug":"si-dimette-il-presidente-del-consiglio-comunale-di-minturno-giuseppe-tomao","status":"publish","type":"post","link":"https:\/\/www.radioluna.it\/news\/2021\/05\/si-dimette-il-presidente-del-consiglio-comunale-di-minturno-giuseppe-tomao\/","title":{"rendered":"Si dimette il presidente del consiglio comunale di Minturno Giuseppe Tomao"},"content":{"rendered":"<div id=\"fb-root\"><\/div>\n<p style=\"text-align: justify;\"><strong>MINTURNO<\/strong> &#8211; Si \u00e8 dimesso il Presidente del consiglio Comunale di Minturno, Giuseppe Tomao. Lo ha fatto con una nota pubblicata sui social nella quale conferma il suo impegno politico. E&#8217; l&#8217;effetto ulteriore dell&#8217;inchiesta sui concorsi inquinati alla Asl di Latina che ha portato all&#8217;arresto di Claudio Rainone e Mario Graziano Esposito. Tomao \u00e8 invece indagato, perch\u00e9 sarebbe stato destinatario degli &#8220;aiuti&#8221; durante il primo dei due concorsi finiti sotto inchiesta, conclusosi con la sua assunzione tra i 23 vincitori.<\/p>\n<p style=\"text-align: justify;\">Tomao scrive: &#8220;Ringrazio le minoranze per i toni pacati nelle richieste di dimissioni, e, in particolare quanti, consiglieri e non, mi hanno prontamente contattato per esprimere parole di conforto. Cos\u00ec come ho apprezzato la sensibilit\u00e0 del Direttivo del Partito Democratico, Circolo di Minturno, per avermi invitato a riflettere con serenit\u00e0 sull\u2019opportunit\u00e0 politica delle dimissioni, senza mai negarmi pieno supporto politico ed umano. Comprendo, altres\u00ec, le sensibilit\u00e0 dei gruppi politici che a vario titolo si stanno rappresentando, cos\u00ec come ho la consapevolezza del caso mediatico amplificato dai social e dalla stampa su un&#8217;inchiesta che mi ha coinvolto inaspettatamente.<br \/>\nChi mi conosce come uomo, prima che come politico, sa che questa cosa mi ferisce profondamente.<br \/>\nSono molto dispiaciuto soprattutto per il ruolo che rivesto e che ho sempre onorato.<br \/>\nSono stato eletto Presidente del Consiglio comunale all&#8217;unanimit\u00e0, maggioranza e minoranza hanno riposto in me la fiducia quale rappresentante dell\u2019assise e garante delle attivit\u00e0 consiliari, ruolo che ho sempre svolto con orgoglio, correttezza e passione, senza mai mancare un appuntamento.<br \/>\n<strong>Sebbene la mia vicenda personale, tanto chiacchierata negli ultimi giorni, ancora in fase di indagine, non pregiudichi affatto le attivit\u00e0 consiliari, non comprometta alcuna funzione amministrativa, non investa l\u2019ente comunale ma solo ed esclusivamente la mia persona, sento comunque il dovere di fare un passo indietro sulla mia carica istituzionale, al termine di una legislatura importante che ha dato una nuova immagine alla citt\u00e0.<\/strong><br \/>\nLa mia scelta \u00e8 finalizzata soprattutto ad evitare inutili speculazioni politiche in danno della squadra di governo cui appartengo e dell\u2019immagine della Citt\u00e0.<br \/>\nConservo, in ogni caso, piena fiducia nella magistratura, con la speranza di poter chiarire prima possibile la mia posizione.<br \/>\nQuindi, allo stesso Consiglio Comunale che mi ha eletto suo Presidente riconsegno il testimone perseverando nel mio impegno come consigliere comunale.<br \/>\nInfine, chiedo a tutte le forze politiche impegnate sul territorio di mantenere la calma ed evitare ulteriori forzature su una questione gi\u00e0 ampiamente distorta.<br \/>\nLa prossima campagna elettorale, ormai alle porte, dovr\u00e0 riguardare esclusivamente i programmi ed i progetti per la Citt\u00e0. Mi auguro che non si cada negli errori del passato dove le accuse diffamatorie, relative a questioni personali, tra i componenti dei vari gruppi, hanno caratterizzato negativamente il periodo elettorale, durante il quale a prevalere dovranno essere soltanto le idee ed i programmi utili.<br \/>\nContinuer\u00f2 ad esserci per la mia Citt\u00e0&#8221;.<\/p>\n<div class=\"radio-posizionamento-telefono-in-articoli-dopo-il-contenuto-articolo radio-entity-placement\" id=\"radio-813315908\"><div id=\"radio-1650603986\" style=\"width: 300px;height: 250px;\"><a href=\"https:\/\/www.icarspa.it\/auto\/usate\/latina\/\" aria-label=\"banner aprile icar new life &#8211; auto usate latina\"><img loading=\"lazy\" decoding=\"async\" src=\"https:\/\/www.radioluna.it\/news\/wp-content\/uploads\/2026\/02\/banner-aprile-icar-new-life-auto-usate-latina.gif\" alt=\"\"  width=\"300\" height=\"250\"   \/><\/a><\/div><\/div>","protected":false},"excerpt":{"rendered":"<p>MINTURNO &#8211; Si \u00e8 dimesso il Presidente del consiglio Comunale di Minturno, Giuseppe Tomao. Lo ha fatto con una nota pubblicata sui social nella quale conferma il suo impegno politico. E&#8217; l&#8217;effetto ulteriore dell&#8217;inchiesta sui concorsi inquinati alla Asl di Latina che ha portato all&#8217;arresto di Claudio Rainone e Mario Graziano Esposito. Tomao \u00e8 invece [&hellip;]<\/p>\n","protected":false},"author":62,"featured_media":291208,"comment_status":"open","ping_status":"open","sticky":false,"template":"","format":"standard","meta":{"footnotes":""},"categories":[7],"tags":[],"class_list":["post-291207","post","type-post","status-publish","format-standard","has-post-thumbnail","hentry","category-cronaca"],"_links":{"self":[{"href":"https:\/\/www.radioluna.it\/news\/wp-json\/wp\/v2\/posts\/291207","targetHints":{"allow":["GET"]}}],"collection":[{"href":"https:\/\/www.radioluna.it\/news\/wp-json\/wp\/v2\/posts"}],"about":[{"href":"https:\/\/www.radioluna.it\/news\/wp-json\/wp\/v2\/types\/post"}],"author":[{"embeddable":true,"href":"https:\/\/www.radioluna.it\/news\/wp-json\/wp\/v2\/users\/62"}],"replies":[{"embeddable":true,"href":"https:\/\/www.radioluna.it\/news\/wp-json\/wp\/v2\/comments?post=291207"}],"version-history":[{"count":0,"href":"https:\/\/www.radioluna.it\/news\/wp-json\/wp\/v2\/posts\/291207\/revisions"}],"wp:featuredmedia":[{"embeddable":true,"href":"https:\/\/www.radioluna.it\/news\/wp-json\/wp\/v2\/media\/291208"}],"wp:attachment":[{"href":"https:\/\/www.radioluna.it\/news\/wp-json\/wp\/v2\/media?parent=291207"}],"wp:term":[{"taxonomy":"category","embeddable":true,"href":"https:\/\/www.radioluna.it\/news\/wp-json\/wp\/v2\/categories?post=291207"},{"taxonomy":"post_tag","embeddable":true,"href":"https:\/\/www.radioluna.it\/news\/wp-json\/wp\/v2\/tags?post=291207"}],"curies":[{"name":"wp","href":"https:\/\/api.w.org\/{rel}","templated":true}]}}