{"id":291762,"date":"2021-06-03T20:19:22","date_gmt":"2021-06-03T18:19:22","guid":{"rendered":"https:\/\/www.radioluna.it\/news\/?p=291762"},"modified":"2021-06-03T20:19:22","modified_gmt":"2021-06-03T18:19:22","slug":"lido-latina-question-time-sul-ponte-mascarello-botta-e-risposta-valletta-ranieri","status":"publish","type":"post","link":"https:\/\/www.radioluna.it\/news\/2021\/06\/lido-latina-question-time-sul-ponte-mascarello-botta-e-risposta-valletta-ranieri\/","title":{"rendered":"Lido Latina, question time sul Ponte Mascarello: botta e risposta Valletta-Ranieri"},"content":{"rendered":"<div id=\"fb-root\"><\/div>\n<p style=\"text-align: justify;\"><strong>LATINA<\/strong> &#8211; &#8220;Sul ponte Mascarello c\u2019\u00e8 chi continua a fare demagogia e forse non ha ben compreso che siamo di fronte a un problema che riguarda la sicurezza delle persone. Parliamo di una infrastruttura che per anni \u00e8 rimasta esposta al deterioramento senza che nessuno si adoperasse dal punto di vista della manutenzione. Una storia che come al solito parte da lontano, simile a molte altre criticit\u00e0 che questa Amministrazione si \u00e8 ritrovata a gestire dal 2016&#8221;. L&#8217;assessore Emilio Ranieri risponde cos\u00ec alle critiche sollevate dal consigliere della Lega Valletta che aveva presentato un&#8217;interrogazione sull&#8217;argomento e che non \u00e8 rimasto soddisfatto evidentemente dalle risposte sul question time.<\/p>\n<p style=\"text-align: justify;\">Valletta in una nota afferma: &#8220;Dall\u2019assessore Ranieri attendevamo risposte, rispetto anche e soprattutto alla stagione estiva in corso, ma ci siamo dovuto accontentare della cronistoria che tutti gi\u00e0 conoscevamo e che ad oggi portano un\u2019infrastruttura di collegamento fondamentale per il nostro lungomare ad essere impraticabile ed inaccessibile. Tutto \u00e8 rinviato a data da destinarsi. L\u2019assessore si \u00e8 ridotto a dirci che le valutazioni sono in corso ma il dato non cambia: il ponte Mascarello resta chiuso con buona pace dei cittadini e di un\u2019estate che come al solito sar\u00e0 all\u2019insegna di traffico intasato e mancanza di sicurezza. Purtroppo siamo costretti a constatare di nuovo l\u2019incapacit\u00e0 da parte dell\u2019amministrazione Coletta di dar seguito anche ai pochissimi impegni presi dimostrando solo di essere totalmente ciechi rispetto alle effettive esigenze di Latina e della sua comunit\u00e0. L\u2019unica consolazione \u00e8 che settembre \u00e8 vicino e Latina, la seconda citt\u00e0 del Lazio, avr\u00e0 finalmente la possibilit\u00e0 di mandare a casa Coletta&#8221;<\/p>\n<p style=\"text-align: justify;\">Ranieri prima spiega che dopo le\u00a0 indagini diagnostiche che &#8220;hanno portato all\u2019inevitabile chiusura nel 2019&#8221;, il Comune, nonostante la pandemia &#8220;ha trovato un accordo con Regione Lazio e Sogin, con quest\u2019ultima si occuper\u00e0 della riqualificazione e della definitiva messa in sicurezza del ponte realizzando una struttura conforme alle Norme Tecniche delle Costruzioni. L\u2019iter amministrativo sta procedendo, nel frattempo presteremo attenzione sul fronte viabilit\u00e0, cos\u00ec come sar\u00e0 potenziato il servizio di trasporto pubblico locale affinch\u00e9 i frequentatori del nostro lungomare non debbano soffrire disagi&#8221;. Poi sbotta: &#8221; Penso sia arrivato il momento di farla finita con la demagogia per rispetto prima di tutto dei cittadini e delle cittadine. A loro, le istituzioni hanno il dovere di offrire una soluzione vera, definitiva e soprattutto che tuteli\u00a0 al 100% la sicurezza. Un ponte nuovo sar\u00e0 il volano per la riqualificazione di tutta l\u2019area che comprende Piazzale dei Navigatori, il ponte di Passo Genovese da rendere fruibile dal punto di vista turistico, l\u2019alaggio previsto nel PUA della Marina&#8221;.<\/p>\n<p>&nbsp;<\/p>\n","protected":false},"excerpt":{"rendered":"<p>LATINA &#8211; &#8220;Sul ponte Mascarello c\u2019\u00e8 chi continua a fare demagogia e forse non ha ben compreso che siamo di fronte a un problema che riguarda la sicurezza delle persone. Parliamo di una infrastruttura che per anni \u00e8 rimasta esposta al deterioramento senza che nessuno si adoperasse dal punto di vista della manutenzione. Una storia [&hellip;]<\/p>\n","protected":false},"author":62,"featured_media":0,"comment_status":"open","ping_status":"open","sticky":false,"template":"","format":"standard","meta":{"footnotes":""},"categories":[8],"tags":[],"class_list":["post-291762","post","type-post","status-publish","format-standard","hentry","category-politica"],"_links":{"self":[{"href":"https:\/\/www.radioluna.it\/news\/wp-json\/wp\/v2\/posts\/291762","targetHints":{"allow":["GET"]}}],"collection":[{"href":"https:\/\/www.radioluna.it\/news\/wp-json\/wp\/v2\/posts"}],"about":[{"href":"https:\/\/www.radioluna.it\/news\/wp-json\/wp\/v2\/types\/post"}],"author":[{"embeddable":true,"href":"https:\/\/www.radioluna.it\/news\/wp-json\/wp\/v2\/users\/62"}],"replies":[{"embeddable":true,"href":"https:\/\/www.radioluna.it\/news\/wp-json\/wp\/v2\/comments?post=291762"}],"version-history":[{"count":0,"href":"https:\/\/www.radioluna.it\/news\/wp-json\/wp\/v2\/posts\/291762\/revisions"}],"wp:attachment":[{"href":"https:\/\/www.radioluna.it\/news\/wp-json\/wp\/v2\/media?parent=291762"}],"wp:term":[{"taxonomy":"category","embeddable":true,"href":"https:\/\/www.radioluna.it\/news\/wp-json\/wp\/v2\/categories?post=291762"},{"taxonomy":"post_tag","embeddable":true,"href":"https:\/\/www.radioluna.it\/news\/wp-json\/wp\/v2\/tags?post=291762"}],"curies":[{"name":"wp","href":"https:\/\/api.w.org\/{rel}","templated":true}]}}