{"id":291853,"date":"2021-06-05T11:44:53","date_gmt":"2021-06-05T09:44:53","guid":{"rendered":"https:\/\/www.radioluna.it\/news\/?p=291853"},"modified":"2021-06-10T08:17:01","modified_gmt":"2021-06-10T06:17:01","slug":"coppa-del-mondo-di-sabaudia-giuseppe-abbagnale-abbiamo-remato-tutti-nella-stessa-direzione","status":"publish","type":"post","link":"https:\/\/www.radioluna.it\/news\/2021\/06\/coppa-del-mondo-di-sabaudia-giuseppe-abbagnale-abbiamo-remato-tutti-nella-stessa-direzione\/","title":{"rendered":"Coppa del Mondo di Sabaudia, Giuseppe Abbagnale: &#8220;Abbiamo remato tutti nella stessa direzione&#8221;"},"content":{"rendered":"<div id=\"fb-root\"><\/div>\n<p style=\"text-align: justify;\"><strong>SABAUDIA &#8211; <\/strong> \u00a0Ha vinto due titoli olimpici e sette mondiali, \u00e8 stato portabandiera per l&#8217;Italia ai Giochi olimpici di Barcellona 1992 e da 2012 \u00e8 il presidente della Federazione Italiana Canottaggio. Ma Giuseppe Abbagnale \u00e8 soprattutto un mito dello sport capace, con il fratello Carmine e Giuseppe Di Capua, di tenere incollati davanti allo schermo milioni di persone. In questi giorni non poteva mancare a Sabaudia dove \u00e8 in corso la terza prova di Coppa del Mondo. Una finestra privilegiata per il mondo remiero sulle prossime Olimpiadi di Tokyo, perch\u00e9 chi non ha ancora conquistato il pass, lo potr\u00e0 fare qui.<\/p>\n<p style=\"text-align: justify;\">Ma che momento vive oggi il canottaggio? Ora che la pandemia sembra finalmente mollare la presa e si pu\u00f2 pensare di tornare alla normalit\u00e0, da dove riprendere? &#8220;Lo sport negli ultimi due anni ha vissuto momenti drammatici e credo che sia uno dei problemi da affrontare da qui in avanti, perch\u00e9 la pratica sportiva ha una sua importanza, ha una sua valenza, e dobbiamo fare in modo che i ragazzi, che in questo periodo sono rimasti chiusi tra le quattro mura di casa, riprendano l&#8217;attivit\u00e0 e soprattutto siano incentivati e motivati a fare attivit\u00e0 fisica&#8221;.\u00a0 \u00a0 \u00a0 <img loading=\"lazy\" decoding=\"async\" class=\"wp-image-291854 alignright\" src=\"https:\/\/www.radioluna.it\/news\/wp-content\/uploads\/2021\/06\/abbagnale.jpg\" alt=\"\" width=\"203\" height=\"250\" \/><\/p>\n<p style=\"text-align: justify;\">Quanto agli agonisti in divisa Azzurra, Abbagnale guarda gi\u00e0 a Tokyo: &#8220;Stiamo affinando la preparazione in vista dei giochi olimpici. I ragazzi ce la stanno mettendo tutta e sicuramente saranno ben preparati, poi il campo decider\u00e0. Ma il mio plauso va a tutti i nostri ragazzi che hanno affrontato un anno e mezzo con un percorso a ostacoli che in molte occasioni ne ha minato la preparazione. Credo che sar\u00e0 un&#8217;Olimpiade molto diversa dal solito, sia per le misure che per lo spirito&#8221;.<\/p>\n<p style=\"text-align: justify;\">Plauso anche al gioco di squadra che ha consentito di portare a Sabaudia questa manifestazione, primo evento globale per la citt\u00e0 pontina: &#8220;Questo evento sportivo \u00e8 stato voluto non\u00a0 solo dalla Federazione, ma da tanti Enti, primo fra tutti cito il Comune di Sabaudia, e poi la Provincia, la Regione Lazio, il Coni ha fatto la sua parte, i corpi militari e i reparti civili presenti a Sabaudia, hanno dato tutti il massimo, \u00e8 il caso di dirlo &#8211; conclude &#8211; remando sempre tutti dalla stessa parte&#8221;. (la foto di copertina \u00e8 di Sabaudia Rowing)<\/p>\n<p style=\"text-align: justify;\">Qui il suo intervento questa mattina su Radio Immagine.<\/p>\n<audio class=\"wp-audio-shortcode\" id=\"audio-291853-1\" preload=\"none\" style=\"width: 100%;\" controls=\"controls\"><source type=\"audio\/mpeg\" src=\"https:\/\/www.radioluna.it\/news\/wp-content\/uploads\/2021\/06\/giuseppe-abbagnale.mp3?_=1\" \/><a href=\"https:\/\/www.radioluna.it\/news\/wp-content\/uploads\/2021\/06\/giuseppe-abbagnale.mp3\">https:\/\/www.radioluna.it\/news\/wp-content\/uploads\/2021\/06\/giuseppe-abbagnale.mp3<\/a><\/audio>\n<div class=\"radio-posizionamento-telefono-in-articoli-dopo-il-contenuto-articolo radio-entity-placement\" id=\"radio-1602540912\"><div id=\"radio-2675240849\" style=\"width: 300px;height: 250px;\"><a href=\"https:\/\/www.icarspa.it\/auto\/usate\/latina\/\" aria-label=\"banner aprile icar new life &#8211; auto usate latina\"><img loading=\"lazy\" decoding=\"async\" src=\"https:\/\/www.radioluna.it\/news\/wp-content\/uploads\/2026\/02\/banner-aprile-icar-new-life-auto-usate-latina.gif\" alt=\"\"  width=\"300\" height=\"250\"   \/><\/a><\/div><\/div>","protected":false},"excerpt":{"rendered":"<p>SABAUDIA &#8211; \u00a0Ha vinto due titoli olimpici e sette mondiali, \u00e8 stato portabandiera per l&#8217;Italia ai Giochi olimpici di Barcellona 1992 e da 2012 \u00e8 il presidente della Federazione Italiana Canottaggio. Ma Giuseppe Abbagnale \u00e8 soprattutto un mito dello sport capace, con il fratello Carmine e Giuseppe Di Capua, di tenere incollati davanti allo schermo [&hellip;]<\/p>\n","protected":false},"author":62,"featured_media":291858,"comment_status":"open","ping_status":"open","sticky":false,"template":"","format":"standard","meta":{"footnotes":""},"categories":[2310,17],"tags":[],"class_list":["post-291853","post","type-post","status-publish","format-standard","has-post-thumbnail","hentry","category-audio","category-sport"],"_links":{"self":[{"href":"https:\/\/www.radioluna.it\/news\/wp-json\/wp\/v2\/posts\/291853","targetHints":{"allow":["GET"]}}],"collection":[{"href":"https:\/\/www.radioluna.it\/news\/wp-json\/wp\/v2\/posts"}],"about":[{"href":"https:\/\/www.radioluna.it\/news\/wp-json\/wp\/v2\/types\/post"}],"author":[{"embeddable":true,"href":"https:\/\/www.radioluna.it\/news\/wp-json\/wp\/v2\/users\/62"}],"replies":[{"embeddable":true,"href":"https:\/\/www.radioluna.it\/news\/wp-json\/wp\/v2\/comments?post=291853"}],"version-history":[{"count":0,"href":"https:\/\/www.radioluna.it\/news\/wp-json\/wp\/v2\/posts\/291853\/revisions"}],"wp:featuredmedia":[{"embeddable":true,"href":"https:\/\/www.radioluna.it\/news\/wp-json\/wp\/v2\/media\/291858"}],"wp:attachment":[{"href":"https:\/\/www.radioluna.it\/news\/wp-json\/wp\/v2\/media?parent=291853"}],"wp:term":[{"taxonomy":"category","embeddable":true,"href":"https:\/\/www.radioluna.it\/news\/wp-json\/wp\/v2\/categories?post=291853"},{"taxonomy":"post_tag","embeddable":true,"href":"https:\/\/www.radioluna.it\/news\/wp-json\/wp\/v2\/tags?post=291853"}],"curies":[{"name":"wp","href":"https:\/\/api.w.org\/{rel}","templated":true}]}}