{"id":291875,"date":"2021-06-07T08:23:12","date_gmt":"2021-06-07T06:23:12","guid":{"rendered":"https:\/\/www.radioluna.it\/news\/?p=291875"},"modified":"2021-06-09T13:52:35","modified_gmt":"2021-06-09T11:52:35","slug":"coppa-del-mondo-sabaudia-promossa-a-pieni-voti-gli-azzurri-primi-nel-medagliere","status":"publish","type":"post","link":"https:\/\/www.radioluna.it\/news\/2021\/06\/coppa-del-mondo-sabaudia-promossa-a-pieni-voti-gli-azzurri-primi-nel-medagliere\/","title":{"rendered":"Coppa del Mondo, Sabaudia promossa a pieni voti. Gli azzurri primi nel medagliere"},"content":{"rendered":"<div id=\"fb-root\"><\/div>\n<p style=\"text-align: justify;\"><strong>SABAUDIA<\/strong> &#8211; L\u2019Italia chiude la tre giorni di gare di Coppa del Mondo, svoltasi sulle acque del lago Paola a Sabaudia, con la conquista di 14 medaglie (6 oro, 6 argento, 2 bronzo) tra cui 7 nelle specialit\u00e0 olimpiche (oro nel quattro senza e nel quattro di coppia senior maschili, argento nel quattro di coppia senior femminile, otto maschile e nei due doppi pesi leggeri, maschile e femminile, bronzo nel doppio senior femminile). Le altre 7 arrivano, invece, dalle specialit\u00e0 non olimpiche, in gara ieri, e tutte nei pesi leggeri: oro nel quattro di coppia femminile e nel singolo, due senza e quattro di coppia maschile, argento nel singolo maschile e in quello femminile, bronzo nel due senza maschile. Un bottino che permette all\u2019Italia di dominare il medagliere finale per nazioni con il primo posto davanti all\u2019Olanda con 7 medaglie (4-3-0) e alla Germania con cinque medaglie (2-1-2).<\/p>\n<p style=\"text-align: justify;\">Tre giorni di sport internazionale, di regate, di ospiti illustri ma anche e soprattutto di promozione e valorizzazione del territorio. Le porte chiuse imposte dai protocolli internazionali di sicurezza, non hanno privato la citt\u00e0 di momenti di condivisione importanti grazie al grande schermo installato in piazza del Comune che ha permesso a cittadini e visitatori di seguire le competizioni in diretta. Commozione nel momento in cui la piazza ha ricordato Filippo Mondelli, canottiere prematuramente scomparso: la sindaca Gervasi e il Comandante del Gruppo Polisportivo Fiamme Gialle, il generale Vincenzo Parrinello, hanno voluto omaggiare i genitori del Tricolore e della bandiera della Terza Tappa di Coppa del Mondo di Canottaggio di Sabaudia.<\/p>\n<p style=\"text-align: justify;\">Oggi sul campo ad applaudire gli atleti anche il Sottosegretario di Stato alla Difesa Senatore Stefania Pucciarelli, il Presidente del CONI Giovanni Malag\u00f2, accolti dal Prefetto di Latina Maurizio Falco, il Sindaco di Sabaudia Giada Gervasi e tante altre autorit\u00e0 civili e militari. Su tutte la Marina Militare che nel suo centro ha ospitato gran parte dell\u2019evento. Presenti per l\u2019occasione Jean Cristophe Rolland e Matt Smith, rispettivamente Presidente e Direttore Esecutivo della Federazione Internazionale di Canottaggio.<\/p>\n<p style=\"text-align: justify;\">E con la terza prova di Coppa del Mondo Sabaudia \u00e8 ufficialmente entrata nella galassia dei campi di regata mondiali di canottaggio. Ad affermarlo \u00e8 world rowing, la federazione internazionale del remo, al termine della terza prova di Coppa del Mondo disputata a Sabaudia nel fine settimana. Tre giornate di altissimo livello, vissute su un campo di regata completamente rinnovato con occhi al futuro. Dai pontili di partenza al parco imbarcazioni, senza tralasciare l\u2019area di arrivo e tutte le strutture che hanno permesso all\u2019evento di essere giudicato tra i migliori dell\u2019anno.<\/p>\n<p style=\"text-align: justify;\">A guidare la complessa macchina organizzativa, supportato da istituzioni e autorit\u00e0, \u00e8 stato il manager di lungo corso Luigi Manzo: \u201cOggi abbiamo vinto una sfida che all\u2019inizio poteva sembrare irrealizzabile. Abbiamo riportato il canottaggio di serie A in Italia, dotando Sabaudia di una struttura che oggi pu\u00f2 ambire ad ospitare ogni tipo di manifestazione remiera internazionale. La Coppa del Mondo \u00e8 stata il giusto trampolino di lancio per un ciclo di eventi che continueranno a vedere il territorio protagonista anche nei prossimi anni\u201d.<\/p>\n<p style=\"text-align: justify;\">I riflettori sul lago sono gi\u00e0 proiettati al prossimo anno, Sabaudia: la citt\u00e0 di Sabaudia ospiter\u00e0 gli Europei Junior (2002), il Coastal Rowing e Beach Sprint (2023) e gli Europei Assoluti (2024).<\/p>\n<p style=\"text-align: justify;\">\n","protected":false},"excerpt":{"rendered":"<p>SABAUDIA &#8211; L\u2019Italia chiude la tre giorni di gare di Coppa del Mondo, svoltasi sulle acque del lago Paola a Sabaudia, con la conquista di 14 medaglie (6 oro, 6 argento, 2 bronzo) tra cui 7 nelle specialit\u00e0 olimpiche (oro nel quattro senza e nel quattro di coppia senior maschili, argento nel quattro di coppia [&hellip;]<\/p>\n","protected":false},"author":62,"featured_media":291880,"comment_status":"open","ping_status":"open","sticky":false,"template":"","format":"standard","meta":{"footnotes":""},"categories":[735],"tags":[],"class_list":["post-291875","post","type-post","status-publish","format-standard","has-post-thumbnail","hentry","category-attualita"],"_links":{"self":[{"href":"https:\/\/www.radioluna.it\/news\/wp-json\/wp\/v2\/posts\/291875","targetHints":{"allow":["GET"]}}],"collection":[{"href":"https:\/\/www.radioluna.it\/news\/wp-json\/wp\/v2\/posts"}],"about":[{"href":"https:\/\/www.radioluna.it\/news\/wp-json\/wp\/v2\/types\/post"}],"author":[{"embeddable":true,"href":"https:\/\/www.radioluna.it\/news\/wp-json\/wp\/v2\/users\/62"}],"replies":[{"embeddable":true,"href":"https:\/\/www.radioluna.it\/news\/wp-json\/wp\/v2\/comments?post=291875"}],"version-history":[{"count":0,"href":"https:\/\/www.radioluna.it\/news\/wp-json\/wp\/v2\/posts\/291875\/revisions"}],"wp:featuredmedia":[{"embeddable":true,"href":"https:\/\/www.radioluna.it\/news\/wp-json\/wp\/v2\/media\/291880"}],"wp:attachment":[{"href":"https:\/\/www.radioluna.it\/news\/wp-json\/wp\/v2\/media?parent=291875"}],"wp:term":[{"taxonomy":"category","embeddable":true,"href":"https:\/\/www.radioluna.it\/news\/wp-json\/wp\/v2\/categories?post=291875"},{"taxonomy":"post_tag","embeddable":true,"href":"https:\/\/www.radioluna.it\/news\/wp-json\/wp\/v2\/tags?post=291875"}],"curies":[{"name":"wp","href":"https:\/\/api.w.org\/{rel}","templated":true}]}}