{"id":292003,"date":"2021-06-08T13:24:41","date_gmt":"2021-06-08T11:24:41","guid":{"rendered":"https:\/\/www.radioluna.it\/news\/?p=292003"},"modified":"2021-06-08T14:16:31","modified_gmt":"2021-06-08T12:16:31","slug":"il-lazio-riconosce-i-caregiver-familiari-approvate-le-linee-guida","status":"publish","type":"post","link":"https:\/\/www.radioluna.it\/news\/2021\/06\/il-lazio-riconosce-i-caregiver-familiari-approvate-le-linee-guida\/","title":{"rendered":"Il Lazio riconosce i caregiver familiari: approvate le linee guida"},"content":{"rendered":"<div id=\"fb-root\"><\/div>\n<p style=\"text-align: justify;\">La Regione Lazio formalizza il ruolo e l&#8217;impegno di cura del \u201ccaregiver familiare\u201d come componente informale ed essenziale del sistema dei servizi sociali, sociosanitari e sanitari e promuove un sistema pubblico che garantisca misure attive a sostegno di questa figura come beneficiario diretto. Lo fa approvando in giunta\u00a0le \u2018Linee guida regionali per il riconoscimento del caregiver familiare, la valorizzazione sociale del ruolo e la promozione di interventi di sostegno\u2019.<\/p>\n<p style=\"text-align: justify;\">\u201cOggi, con il pieno riconoscimento del caregiver, abbiamo raggiunto un importante traguardo &#8211; commenta l\u2019Assessora alle Politiche Sociali Welfare, Beni Comuni e ASP Alessandra Troncarelli \u2013\u00a0 Una formalizzazione necessaria, a sostegno di una figura sempre pi\u00f9 cruciale nell\u2019ambito del sistema di assistenza dal momento che il progressivo invecchiamento della popolazione, le condizioni di disabilit\u00e0 e non autosufficienza, la cronicit\u00e0 e le patologie degenerative determinano un ricorso sempre pi\u00f9 frequente al supporto informale offerto dal contesto familiare. Il nostro obiettivo \u00e8 quello di garantire sollievo a coloro che si impegnano attivamente per garantire il benessere psico-fisico di persone particolarmente fragili. Coinvolgendo il caregiver fin dalla individuazione del PAI \u2013 conclude l\u2019assessore -, terremo conto anche dei bisogni personali di chi svolge assistenza, garantendogli di mantenere i propri impegni quotidiani e aspettative future\u201d.<\/p>\n<p style=\"text-align: justify;\">Il riconoscimento del ruolo avverr\u00e0 fin dalla definizione del piano assistenziale integrato (PAI), che verr\u00e0 pertanto condiviso, nei contenuti e nelle finalit\u00e0, dai principali interlocutori, servizi &#8211; utente &#8211; caregiver familiare. L\u2019Unit\u00e0 di Valutazione Multidimensionale (UVM distrettuale) \u00e8 chiamata quindi a svolgere una valutazione multidimensionale anche delle necessit\u00e0 del \u201ccaregiver familiare\u201d, pianificando forme di supporto flessibili ed integrate.<\/p>\n<p style=\"text-align: justify;\">Le Linee guida regionali\u00a0 &#8211; spiegano dalla Pisana &#8211; vogliono inoltre offrire una cornice di riferimento omogenea a livello territoriale e, a tal fine, la Regione Lazio approva la \u201cScheda caregiver familiare\u201d, firmata congiuntamente dall\u2019assistito, come espressione della sua autodeterminazione nella scelta della persona, e dal caregiver, a conferma del reale impegno di cura. Questa scheda, modello unico utilizzato su tutto il territorio regionale, sar\u00e0 pertanto lo strumento operativo per costituire un elenco formale dei \u201ccaregiver familiari\u201d, suscettibile di continuo aggiornamento. &#8220;Con questo intervento la Regione Lazio investe oltre 6 milioni di euro per dare pieno valore e dignit\u00e0 alla figura del caregiver nella rete di assistenza alla persona con disabilit\u00e0 e non autosufficienza&#8221;, si legge in una nota.<\/p>\n","protected":false},"excerpt":{"rendered":"<p>La Regione Lazio formalizza il ruolo e l&#8217;impegno di cura del \u201ccaregiver familiare\u201d come componente informale ed essenziale del sistema dei servizi sociali, sociosanitari e sanitari e promuove un sistema pubblico che garantisca misure attive a sostegno di questa figura come beneficiario diretto. Lo fa approvando in giunta\u00a0le \u2018Linee guida regionali per il riconoscimento del [&hellip;]<\/p>\n","protected":false},"author":62,"featured_media":273008,"comment_status":"open","ping_status":"open","sticky":false,"template":"","format":"standard","meta":{"footnotes":""},"categories":[8],"tags":[],"class_list":["post-292003","post","type-post","status-publish","format-standard","has-post-thumbnail","hentry","category-politica"],"_links":{"self":[{"href":"https:\/\/www.radioluna.it\/news\/wp-json\/wp\/v2\/posts\/292003","targetHints":{"allow":["GET"]}}],"collection":[{"href":"https:\/\/www.radioluna.it\/news\/wp-json\/wp\/v2\/posts"}],"about":[{"href":"https:\/\/www.radioluna.it\/news\/wp-json\/wp\/v2\/types\/post"}],"author":[{"embeddable":true,"href":"https:\/\/www.radioluna.it\/news\/wp-json\/wp\/v2\/users\/62"}],"replies":[{"embeddable":true,"href":"https:\/\/www.radioluna.it\/news\/wp-json\/wp\/v2\/comments?post=292003"}],"version-history":[{"count":0,"href":"https:\/\/www.radioluna.it\/news\/wp-json\/wp\/v2\/posts\/292003\/revisions"}],"wp:featuredmedia":[{"embeddable":true,"href":"https:\/\/www.radioluna.it\/news\/wp-json\/wp\/v2\/media\/273008"}],"wp:attachment":[{"href":"https:\/\/www.radioluna.it\/news\/wp-json\/wp\/v2\/media?parent=292003"}],"wp:term":[{"taxonomy":"category","embeddable":true,"href":"https:\/\/www.radioluna.it\/news\/wp-json\/wp\/v2\/categories?post=292003"},{"taxonomy":"post_tag","embeddable":true,"href":"https:\/\/www.radioluna.it\/news\/wp-json\/wp\/v2\/tags?post=292003"}],"curies":[{"name":"wp","href":"https:\/\/api.w.org\/{rel}","templated":true}]}}