{"id":292020,"date":"2021-06-08T15:36:50","date_gmt":"2021-06-08T13:36:50","guid":{"rendered":"https:\/\/www.radioluna.it\/news\/?p=292020"},"modified":"2021-06-09T11:18:52","modified_gmt":"2021-06-09T09:18:52","slug":"francesca-e-pronta-per-la-riabilitazione-parte-la-raccolta-di-fondi-per-la-giovane-mamma-di-latina","status":"publish","type":"post","link":"https:\/\/www.radioluna.it\/news\/2021\/06\/francesca-e-pronta-per-la-riabilitazione-parte-la-raccolta-di-fondi-per-la-giovane-mamma-di-latina\/","title":{"rendered":"Francesca \u00e8 pronta per la riabilitazione: parte la raccolta di fondi per la giovane mamma di Latina"},"content":{"rendered":"<div id=\"fb-root\"><\/div>\n<p style=\"text-align: justify;\"><strong>LATINA<\/strong> &#8211; Ha dato la brutta notizia pubblicandola su Facebook quando tutti chiedevano; ci ha tenuto informati sul decorso, ha sofferto, temuto il peggio. Ha dedicato alla sua Francesca canzoni, le ha ricordato le date e i momenti pi\u00f9 belli, non l&#8217;ha lasciata mai sola, attaccato alla telefonata pomeridiana in reparto, per sapere e continuare a sperare. Cos\u00ec Massimo Bortoletto ha incitato la sua giovane moglie colpita da emorragia cerebrale a lottare, e ha sperato che il coro di preghiere laiche e religiose, che le voci e in pensieri di tanti, le arrivassero e la spingessero a restare attaccata a questa Terra con lui, Anita e Carlorosso. Ora, grazie a piccoli miglioramenti quotidiani e a un posto che si \u00e8 liberato in un centro riabilitativo del nord Italia, comincia per tutti una nuova fase.<\/p>\n<div dir=\"auto\" style=\"text-align: justify;\">&#8220;Francesca partir\u00e0 per Bergamo, c\u2019\u00e8 la disponibilit\u00e0 di un posto e visto che lei \u00e8 pronta sar\u00e0 trasferita per iniziare il percorso riabilitativo &#8211; spiega Massimo &#8211;\u00a0 Sono passate sette settimane da quando \u00e8 entrata in ospedale, sette settimane difficili (a tratti tremende), sette settimane in cui non ho (e non abbiamo) mai perso la speranza, sette settimane in cui i medici hanno fatto il possibile per arrivare fino a qui&#8221;.<\/div>\n<div dir=\"auto\" style=\"text-align: justify;\"><\/div>\n<div dir=\"auto\" style=\"text-align: justify;\">Chi vuole pu\u00f2 ora partecipare alla raccolta fondi per sostenere le spese del percorso riabilitativo. Si chiama Francesca B-good e l&#8217;hanno promossa alcuni amici. Tanti hanno gi\u00e0 donato piccole e grandi somme. Se volete contribuire, la trovate cliccando <a href=\"https:\/\/buonacausa.org\/cause\/francesca-b-good?fbclid=IwAR3y0xL-VQWbQGXH-gDFH4tKmYUp_R0doNIaRPvPAz4Eu_8uPOWr1R8zNis\">QUI<\/a><\/div>\n<div class=\"radio-posizionamento-telefono-in-articoli-dopo-il-contenuto-articolo radio-entity-placement\" id=\"radio-1121305798\"><div id=\"radio-1529751879\"><a href=\"https:\/\/www.simeoneceramiche.com\/\" aria-label=\"SIMEONE CERAMICHE GIF animata per radioluna_Tavola disegno 1 copia 2 (online-video-cutter.com)\"><img loading=\"lazy\" decoding=\"async\" src=\"https:\/\/www.radioluna.it\/news\/wp-content\/uploads\/2025\/05\/SIMEONE-CERAMICHE-GIF-animata-per-radioluna_Tavola-disegno-1-copia-2-online-video-cutter.com_.gif\" alt=\"\"  width=\"300\" height=\"250\"   \/><\/a><\/div><\/div>","protected":false},"excerpt":{"rendered":"<p>LATINA &#8211; Ha dato la brutta notizia pubblicandola su Facebook quando tutti chiedevano; ci ha tenuto informati sul decorso, ha sofferto, temuto il peggio. Ha dedicato alla sua Francesca canzoni, le ha ricordato le date e i momenti pi\u00f9 belli, non l&#8217;ha lasciata mai sola, attaccato alla telefonata pomeridiana in reparto, per sapere e continuare [&hellip;]<\/p>\n","protected":false},"author":62,"featured_media":292021,"comment_status":"open","ping_status":"open","sticky":false,"template":"","format":"standard","meta":{"footnotes":""},"categories":[735],"tags":[],"class_list":["post-292020","post","type-post","status-publish","format-standard","has-post-thumbnail","hentry","category-attualita"],"_links":{"self":[{"href":"https:\/\/www.radioluna.it\/news\/wp-json\/wp\/v2\/posts\/292020","targetHints":{"allow":["GET"]}}],"collection":[{"href":"https:\/\/www.radioluna.it\/news\/wp-json\/wp\/v2\/posts"}],"about":[{"href":"https:\/\/www.radioluna.it\/news\/wp-json\/wp\/v2\/types\/post"}],"author":[{"embeddable":true,"href":"https:\/\/www.radioluna.it\/news\/wp-json\/wp\/v2\/users\/62"}],"replies":[{"embeddable":true,"href":"https:\/\/www.radioluna.it\/news\/wp-json\/wp\/v2\/comments?post=292020"}],"version-history":[{"count":0,"href":"https:\/\/www.radioluna.it\/news\/wp-json\/wp\/v2\/posts\/292020\/revisions"}],"wp:featuredmedia":[{"embeddable":true,"href":"https:\/\/www.radioluna.it\/news\/wp-json\/wp\/v2\/media\/292021"}],"wp:attachment":[{"href":"https:\/\/www.radioluna.it\/news\/wp-json\/wp\/v2\/media?parent=292020"}],"wp:term":[{"taxonomy":"category","embeddable":true,"href":"https:\/\/www.radioluna.it\/news\/wp-json\/wp\/v2\/categories?post=292020"},{"taxonomy":"post_tag","embeddable":true,"href":"https:\/\/www.radioluna.it\/news\/wp-json\/wp\/v2\/tags?post=292020"}],"curies":[{"name":"wp","href":"https:\/\/api.w.org\/{rel}","templated":true}]}}