{"id":292446,"date":"2021-06-16T08:01:55","date_gmt":"2021-06-16T06:01:55","guid":{"rendered":"https:\/\/www.radioluna.it\/news\/?p=292446"},"modified":"2021-06-19T05:15:10","modified_gmt":"2021-06-19T03:15:10","slug":"protezione-civile-a-latina-per-la-prima-volta-7-associazioni-convenzionate-con-il-comune","status":"publish","type":"post","link":"https:\/\/www.radioluna.it\/news\/2021\/06\/protezione-civile-a-latina-per-la-prima-volta-7-associazioni-convenzionate-con-il-comune\/","title":{"rendered":"Protezione civile, a Latina per la prima volta 7 associazioni convenzionate con il Comune"},"content":{"rendered":"<div id=\"fb-root\"><\/div>\n<p style=\"text-align: justify;\"><strong>LATINA<\/strong> &#8211; \u00c8 stato presentato\u00a0 Latina il <strong>Gruppo comunale dei volontari di Protezione Civile<\/strong> costituito lo scorso 25 maggio a seguito del bando pubblicato in conformit\u00e0 al Regolamento approvato dal Consiglio Comunale lo scorso dicembre.<br \/>\n<strong>Il Gruppo \u00e8 oggi costituito da 14 volontari che hanno gi\u00e0 individuato, al loro interno, i ruoli di coordinatore e vicecoordinatore.<\/strong><br \/>\nL\u2019attivit\u00e0 del Gruppo si svolge in stretta relazione con il Sindaco, che per legge ne \u00e8 il rappresentante, mentre, operativamente, il Gruppo si coordina con le attivit\u00e0 del Servizio Polizia Comunale e Protezione Civile, sempre operando nelle competenze riservate per legge.<br \/>\n\u00abLa costituzione del Gruppo comunale di Protezione Civile \u2013 dichiara<strong> il Sindaco Damiano Coletta<\/strong> \u2013 \u00e8 un altro passaggio chiave per Latina. Il periodo di emergenza sanitaria ci ha fatto capire quanto sia importante la rete della solidariet\u00e0 e oggi il Comune pu\u00f2 contare su una struttura pienamente operativa in grado di dare risposte efficaci ai cittadini e di muoversi sotto il coordinamento istituzionale dell\u2019Ente che oggi rappresenta una garanzia per tutti\u00bb.<br \/>\n\u00abSi conclude un percorso molto importante \u2013 dichiara <strong>la Vice Sindaco e Assessora alla Protezione Civile, Maria Paola Briganti<\/strong> \u2013 che l\u2019Amministrazione ha fortemente voluto e portato a termine in era Covid su pi\u00f9 fronti, adeguando gli atti amministrativi in conformit\u00e0 alle leggi nazionali e ai regolamenti regionali, riorganizzando l\u2019operativit\u00e0 nella sede COC di Via Cervone e riconoscendo a tutti gli attori di questo palcoscenico la giusta considerazione. Le sette Associazioni operanti da anni sul territorio da quest\u2019anno, per la prima volta, sono convenzionate con l\u2019Ente in una relazione chiara e condivisa e oggi vedono al loro fianco anche il Gruppo Comunale che spero rappresenter\u00e0, anche per i nostri giovani, un\u2019opportunit\u00e0 di impegno e partecipazione per la crescita personale e per il bene della citt\u00e0. I numeri delle attivit\u00e0 svolte dalle Associazioni tra maggio 2020 e maggio 2021 sono considerevoli: sono stati effettuati 843 interventi che hanno visto scendere in campo 1993 unit\u00e0\u00bb.<br \/>\nLe <strong>sette Associazioni<\/strong> convenzionate con il Comune sono: <strong>La Fedelissima, Associazione VVFF Volontari, Vigilanza Ambientale VVA, Associazione Passo Genovese, Nucleo Protezione Civile ANC Carabinieri Latina, Citt\u00e0 di Latina, Protezione Civile Pontina PCP.<\/strong><\/p>\n","protected":false},"excerpt":{"rendered":"<p>LATINA &#8211; \u00c8 stato presentato\u00a0 Latina il Gruppo comunale dei volontari di Protezione Civile costituito lo scorso 25 maggio a seguito del bando pubblicato in conformit\u00e0 al Regolamento approvato dal Consiglio Comunale lo scorso dicembre. Il Gruppo \u00e8 oggi costituito da 14 volontari che hanno gi\u00e0 individuato, al loro interno, i ruoli di coordinatore e [&hellip;]<\/p>\n","protected":false},"author":60,"featured_media":292447,"comment_status":"open","ping_status":"open","sticky":false,"template":"","format":"standard","meta":{"footnotes":""},"categories":[735],"tags":[23,2154,4774],"class_list":["post-292446","post","type-post","status-publish","format-standard","has-post-thumbnail","hentry","category-attualita","tag-latina","tag-notizie-di-latina","tag-protezione-civile-latina"],"_links":{"self":[{"href":"https:\/\/www.radioluna.it\/news\/wp-json\/wp\/v2\/posts\/292446","targetHints":{"allow":["GET"]}}],"collection":[{"href":"https:\/\/www.radioluna.it\/news\/wp-json\/wp\/v2\/posts"}],"about":[{"href":"https:\/\/www.radioluna.it\/news\/wp-json\/wp\/v2\/types\/post"}],"author":[{"embeddable":true,"href":"https:\/\/www.radioluna.it\/news\/wp-json\/wp\/v2\/users\/60"}],"replies":[{"embeddable":true,"href":"https:\/\/www.radioluna.it\/news\/wp-json\/wp\/v2\/comments?post=292446"}],"version-history":[{"count":0,"href":"https:\/\/www.radioluna.it\/news\/wp-json\/wp\/v2\/posts\/292446\/revisions"}],"wp:featuredmedia":[{"embeddable":true,"href":"https:\/\/www.radioluna.it\/news\/wp-json\/wp\/v2\/media\/292447"}],"wp:attachment":[{"href":"https:\/\/www.radioluna.it\/news\/wp-json\/wp\/v2\/media?parent=292446"}],"wp:term":[{"taxonomy":"category","embeddable":true,"href":"https:\/\/www.radioluna.it\/news\/wp-json\/wp\/v2\/categories?post=292446"},{"taxonomy":"post_tag","embeddable":true,"href":"https:\/\/www.radioluna.it\/news\/wp-json\/wp\/v2\/tags?post=292446"}],"curies":[{"name":"wp","href":"https:\/\/api.w.org\/{rel}","templated":true}]}}