{"id":292501,"date":"2021-06-16T14:18:43","date_gmt":"2021-06-16T12:18:43","guid":{"rendered":"https:\/\/www.radioluna.it\/news\/?p=292501"},"modified":"2021-06-16T14:19:50","modified_gmt":"2021-06-16T12:19:50","slug":"sapienza-e-commissariato-siglano-un-accordo-di-collaborazione-per-ventotene-e-santo-stefano","status":"publish","type":"post","link":"https:\/\/www.radioluna.it\/news\/2021\/06\/sapienza-e-commissariato-siglano-un-accordo-di-collaborazione-per-ventotene-e-santo-stefano\/","title":{"rendered":"Sapienza e Commissariato siglano un accordo di collaborazione per Ventotene e Santo Stefano"},"content":{"rendered":"<div id=\"fb-root\"><\/div>\n<p style=\"text-align: justify;\"><strong><img loading=\"lazy\" decoding=\"async\" class=\"aligncenter size-full wp-image-292504\" src=\"https:\/\/www.radioluna.it\/news\/wp-content\/uploads\/2021\/06\/Carcere.jpg\" alt=\"\" width=\"1920\" height=\"1258\" srcset=\"https:\/\/www.radioluna.it\/news\/wp-content\/uploads\/2021\/06\/Carcere.jpg 1920w, https:\/\/www.radioluna.it\/news\/wp-content\/uploads\/2021\/06\/Carcere-768x503.jpg 768w, https:\/\/www.radioluna.it\/news\/wp-content\/uploads\/2021\/06\/Carcere-1536x1006.jpg 1536w\" sizes=\"auto, (max-width: 1920px) 100vw, 1920px\" \/>VENTOTENE-\u00a0<\/strong> Collaboreranno nello studio di nuove tecnologie per la salvaguardia del territorio e di attivit\u00e0 che valorizzino il patrimonio storico-culturale di Ventotene e Santo Stefano, il Commissariato del Governo per il Progetto di Recupero e Valorizzazione dell\u2019ex Carcere Borbonico dell\u2019isola di Santo Stefano &#8211; Ventotene e l&#8217;Universit\u00e0 Sapienza. L&#8217;intesa \u00e8 stata ufficializzata questa mattina\u00a0 con la firma di un accordo quadro siglato\u00a0 tra la commissaria Silvia Costa e la rettrice Antonella Polimeni. Alla cerimonia, che si \u00e8 svolta nella Sala Senato, ha partecipato in modalit\u00e0 telematica anche il Sindaco di Ventotene Gerardo Santomauro.<\/p>\n<p style=\"text-align: justify;\">L\u2019intesa\u00a0 &#8211; si legge in\u00a0 una nota\u00a0 &#8211; promuove iniziative di ricerca, trasferimento tecnologico, formazione, educazione e divulgazione integrate, aventi ad oggetto il recupero e la valorizzazione dell\u2019ex carcere di Santo Stefano e dell\u2019Isola di Ventotene dal punto di vista culturale e paesaggistico ed ambientale, in stretta connessione con le caratteristiche storico-ambientali dei contesti di riferimento e con particolare attenzione alla loro vocazione europea, puntando su tecnologie innovative di intervento in un\u2019ottica di Green Deal e di raggiungimento degli obiettivi 2030 dell\u2019ONU.<\/p>\n<p style=\"text-align: justify;\">\u201cLa collaborazione che si avvia con la firma di oggi \u00e8 un\u2019ulteriore conferma dell\u2019impegno della Sapienza nel territorio e \u00a0della volont\u00e0 di dialogo con le istituzioni del Paese \u2013 dichiara la Rettrice, Antonella Polimeni \u2013 Voglio sottolineare in particolare l\u2019importanza di una sinergia realizzata su temi di estrema attualit\u00e0, come la crescita sostenibile, la salvaguardia dell\u2019ambiente e della biodiversit\u00e0, la valorizzazione e fruizione del patrimonio archeologico, storico, paesaggistico, naturalistico, materiale e immateriale, in un luogo fortemente simbolico per l\u2019Italia e per l\u2019Europa\u201d.<\/p>\n<p style=\"text-align: justify;\">\u201cRitengo di grande importanza questo accordo quadro che d\u00e0 seguito all\u2019impegno preso gi\u00e0 in ambito CRUL di attivare forme di collaborazione stabili con il sistema universitario del Lazio &#8211; sottolinea la Commissaria Silvia Costa &#8211; In questo caso si tratta della pi\u00f9 grande universit\u00e0 d\u2019Europa,\u00a0la \u201cmia\u201c universit\u00e0, che con le competenze altamente specialistiche e interdisciplinari dei suoi importanti dipartimenti, con i suoi docenti, ricercatori e studenti,\u00a0 potr\u00e0 dare un supporto significativo alle attivit\u00e0 legate a due isole dal cos\u00ec alto valore simbolico. Oggi \u00e8 il primo passo di un accordo in cui a breve entrer\u00e0 formalmente anche il Comune di Ventotene grazie a un Addendum che andremo a sottoscrivere quanto prima\u201d.\u00a0Aggiunge la Commissaria: \u201cLo sviluppo di questa progettualit\u00e0 comune ha il suo fulcro nella valorizzazione, ricerca e innovazione per la fruizione del Patrimonio culturale e delle aree archeologiche, nella ricerca nell\u2019ambito delle infrastrutture innovative e sostenibili, nell\u2019alta formazione in ambito europeo e mediterraneo, nella prospettiva della New European Bauhaus a cui il progetto di recupero si ispira.\u201d<\/p>\n<p style=\"text-align: justify;\">A supporto dei progetti mirati allo sviluppo e recupero, alla promozione e valorizzazione del paesaggio e dell\u2019ambiente, saranno approfonditi i temi legati alla sostenibilit\u00e0 ambientale ed energetica, allo sviluppo di tecnologie innovative e green nel campo dell\u2019approvvigionamento di energia elettrica, dell\u2019efficientamento energetico, della resilienza dei sistemi, della gestione delle risorse idriche, dello smaltimento e riciclo dei rifiuti. \u201cSapienza realizzer\u00e0 le attivit\u00e0 previste attivando progetti di ricerca\u00a0ed innovazione tecnologica, &#8211; sottolinea Maria Sabrina Sarto, Prorettrice alla Ricerca &#8211; attraverso l&#8217;elaborazione di studi volti alla valorizzazione e alla fruizione dei contesti oggetto di intervento, da un punto di vista storico-culturale e paesaggistico, promuovendo sinergie con il Distretto Tecnologico Culturale della Regione Lazio &#8211; DTC Lazio.\u201d<\/p>\n<p>&nbsp;<\/p>\n","protected":false},"excerpt":{"rendered":"<p>VENTOTENE-\u00a0 Collaboreranno nello studio di nuove tecnologie per la salvaguardia del territorio e di attivit\u00e0 che valorizzino il patrimonio storico-culturale di Ventotene e Santo Stefano, il Commissariato del Governo per il Progetto di Recupero e Valorizzazione dell\u2019ex Carcere Borbonico dell\u2019isola di Santo Stefano &#8211; Ventotene e l&#8217;Universit\u00e0 Sapienza. L&#8217;intesa \u00e8 stata ufficializzata questa mattina\u00a0 con [&hellip;]<\/p>\n","protected":false},"author":62,"featured_media":292502,"comment_status":"open","ping_status":"open","sticky":false,"template":"","format":"standard","meta":{"footnotes":""},"categories":[735],"tags":[],"class_list":["post-292501","post","type-post","status-publish","format-standard","has-post-thumbnail","hentry","category-attualita"],"_links":{"self":[{"href":"https:\/\/www.radioluna.it\/news\/wp-json\/wp\/v2\/posts\/292501","targetHints":{"allow":["GET"]}}],"collection":[{"href":"https:\/\/www.radioluna.it\/news\/wp-json\/wp\/v2\/posts"}],"about":[{"href":"https:\/\/www.radioluna.it\/news\/wp-json\/wp\/v2\/types\/post"}],"author":[{"embeddable":true,"href":"https:\/\/www.radioluna.it\/news\/wp-json\/wp\/v2\/users\/62"}],"replies":[{"embeddable":true,"href":"https:\/\/www.radioluna.it\/news\/wp-json\/wp\/v2\/comments?post=292501"}],"version-history":[{"count":0,"href":"https:\/\/www.radioluna.it\/news\/wp-json\/wp\/v2\/posts\/292501\/revisions"}],"wp:featuredmedia":[{"embeddable":true,"href":"https:\/\/www.radioluna.it\/news\/wp-json\/wp\/v2\/media\/292502"}],"wp:attachment":[{"href":"https:\/\/www.radioluna.it\/news\/wp-json\/wp\/v2\/media?parent=292501"}],"wp:term":[{"taxonomy":"category","embeddable":true,"href":"https:\/\/www.radioluna.it\/news\/wp-json\/wp\/v2\/categories?post=292501"},{"taxonomy":"post_tag","embeddable":true,"href":"https:\/\/www.radioluna.it\/news\/wp-json\/wp\/v2\/tags?post=292501"}],"curies":[{"name":"wp","href":"https:\/\/api.w.org\/{rel}","templated":true}]}}