{"id":292668,"date":"2021-06-21T17:38:10","date_gmt":"2021-06-21T15:38:10","guid":{"rendered":"https:\/\/www.radioluna.it\/news\/?p=292668"},"modified":"2021-06-22T08:04:27","modified_gmt":"2021-06-22T06:04:27","slug":"coletta-cinque-anni-di-mandato-da-sindaco-di-latina-il-bilancio","status":"publish","type":"post","link":"https:\/\/www.radioluna.it\/news\/2021\/06\/coletta-cinque-anni-di-mandato-da-sindaco-di-latina-il-bilancio\/","title":{"rendered":"VIDEO &#8211; Coletta, cinque anni di mandato da sindaco di Latina: il bilancio"},"content":{"rendered":"<div id=\"fb-root\"><\/div>\n<p style=\"text-align: justify;\"><strong>LATINA &#8211;<\/strong> Il 21 giugno di cinque anni fa, a due giorni dal successo nel ballottaggio delle Amministrative 2016 a Latina, Damiano Coletta riceveva il decreto con cui veniva dichiarato ufficialmente sindaco di Latina. Per questa ragione, il primo cittadino ha scelto proprio la data di oggi (alle 18) per presentare alla citt\u00e0 il rendiconto della sua gestione. \u00a0Il documento tecnico e ufficiale redatto dall&#8217;Ente, si trasformer\u00e0 in un racconto di quella che \u00e8 stata l\u2019esperienza di cinque anni di amministrazione civica, con le sue novit\u00e0, le sue difficolt\u00e0, i suoi successi e la sua filosofia: a partire dai giovani entrati in consiglio comunale, ai temi della legalit\u00e0 e dell\u2019equit\u00e0 che hanno fatto da guida.<\/p>\n<p style=\"text-align: justify;\">Un punto di partenza per guardare avanti: &#8220;Sono pronto al secondo tempo&#8221;, ha detto Coletta, descrivendo i propositi e le speranze, oltre che l&#8217;impegno gi\u00e0 preso con il Movimento e con la citt\u00e0, alla ricandidatura. <strong>IL VIDEO<\/strong>:<\/p>\n<p><iframe loading=\"lazy\" style=\"border: none; overflow: hidden;\" src=\"https:\/\/www.facebook.com\/plugins\/video.php?height=314&amp;href=https%3A%2F%2Fwww.facebook.com%2Fcomunedilatina%2Fvideos%2F837762156865392%2F&amp;show_text=true&amp;width=560&amp;t=0\" width=\"560\" height=\"429\" frameborder=\"0\" scrolling=\"no\" allowfullscreen=\"allowfullscreen\"><\/iframe><\/p>\n","protected":false},"excerpt":{"rendered":"<p>LATINA &#8211; Il 21 giugno di cinque anni fa, a due giorni dal successo nel ballottaggio delle Amministrative 2016 a Latina, Damiano Coletta riceveva il decreto con cui veniva dichiarato ufficialmente sindaco di Latina. Per questa ragione, il primo cittadino ha scelto proprio la data di oggi (alle 18) per presentare alla citt\u00e0 il rendiconto [&hellip;]<\/p>\n","protected":false},"author":62,"featured_media":288153,"comment_status":"open","ping_status":"open","sticky":false,"template":"","format":"standard","meta":{"footnotes":""},"categories":[8,2775,2312],"tags":[],"class_list":["post-292668","post","type-post","status-publish","format-standard","has-post-thumbnail","hentry","category-politica","category-societa","category-video"],"_links":{"self":[{"href":"https:\/\/www.radioluna.it\/news\/wp-json\/wp\/v2\/posts\/292668","targetHints":{"allow":["GET"]}}],"collection":[{"href":"https:\/\/www.radioluna.it\/news\/wp-json\/wp\/v2\/posts"}],"about":[{"href":"https:\/\/www.radioluna.it\/news\/wp-json\/wp\/v2\/types\/post"}],"author":[{"embeddable":true,"href":"https:\/\/www.radioluna.it\/news\/wp-json\/wp\/v2\/users\/62"}],"replies":[{"embeddable":true,"href":"https:\/\/www.radioluna.it\/news\/wp-json\/wp\/v2\/comments?post=292668"}],"version-history":[{"count":0,"href":"https:\/\/www.radioluna.it\/news\/wp-json\/wp\/v2\/posts\/292668\/revisions"}],"wp:featuredmedia":[{"embeddable":true,"href":"https:\/\/www.radioluna.it\/news\/wp-json\/wp\/v2\/media\/288153"}],"wp:attachment":[{"href":"https:\/\/www.radioluna.it\/news\/wp-json\/wp\/v2\/media?parent=292668"}],"wp:term":[{"taxonomy":"category","embeddable":true,"href":"https:\/\/www.radioluna.it\/news\/wp-json\/wp\/v2\/categories?post=292668"},{"taxonomy":"post_tag","embeddable":true,"href":"https:\/\/www.radioluna.it\/news\/wp-json\/wp\/v2\/tags?post=292668"}],"curies":[{"name":"wp","href":"https:\/\/api.w.org\/{rel}","templated":true}]}}