{"id":293000,"date":"2021-06-29T10:11:59","date_gmt":"2021-06-29T08:11:59","guid":{"rendered":"https:\/\/www.radioluna.it\/news\/?p=293000"},"modified":"2021-07-04T05:54:09","modified_gmt":"2021-07-04T03:54:09","slug":"latina-doppia-elezione-allanci-per-valeria-campagna-sara-loccasione-per-rappresentare-il-mio-territorio","status":"publish","type":"post","link":"https:\/\/www.radioluna.it\/news\/2021\/06\/latina-doppia-elezione-allanci-per-valeria-campagna-sara-loccasione-per-rappresentare-il-mio-territorio\/","title":{"rendered":"Latina, doppia elezione all&#8217;Anci per Valeria Campagna: &#8220;Sar\u00e0 l\u2019occasione per rappresentare il mio territorio&#8221;"},"content":{"rendered":"<div id=\"fb-root\"><\/div>\n<p style=\"text-align: justify;\"><strong>LATINA<\/strong> &#8211;<strong> Valeria Campagna<\/strong> \u00e8 stata eletta nella <strong>Consulta dei Giovani Amministratori di ANCI Lazio<\/strong>. Un importante traguardo per Latina e per la giovane consigliera comunale eletta con <strong>Lbc<\/strong> che, nel periodo di mandato del s<strong>indaco Coletta<\/strong>, \u00e8 stata sempre presente e attiva, ma si \u00e8 anche laureata con il massimo dei voti, premiata come migliore studentessa del suo corso, e ha pi\u00f9 di recente seguito un <strong>Master di primo livello proprio in amministrazione municipale<\/strong>.<\/p>\n<p style=\"text-align: justify;\">&#8220;Sar\u00e0 l\u2019occasione per rappresentare il mio territorio, fare rete con gli altri Comuni e confrontarmi con gli amministratori under 35 della nostra Regione &#8211; commenta lei\u00a0 \u00a0&#8211; Mi impegner\u00f2 affinch\u00e9 l&#8217;ANCI possa essere sempre di pi\u00f9 un punto di riferimento per le amministrazioni locali e soprattutto per noi pi\u00f9 giovani, garantendo ampia partecipazione e vicinanza con i territori&#8221;.<br \/>\nLa consigliera comunale, che si \u00e8 presentata con<strong> una lista formata anche dai pontini Davide Zingaretti, consigliere comunale di Aprilia, Salvatore Venditti di Fondi e Elisa Ricci, vicesindaca di Norma<\/strong>, \u00e8 stata eletta anche nella <strong>Consulta delle Donne amministratrici del Lazio<\/strong> e su questo ha gi\u00e0 le idee chiare: &#8220;La Consulta dovr\u00e0 cambiare, abbiamo proposto collegialmente di trasformarla in Consulta delle Pari Opportunit\u00e0. Oggi \u00e8 un organismo a composizione solo femminile, ma non ci sembra corretto che siano soltanto le donne ad occuparsi di questi temi. Il tema delle pari opportunit\u00e0 ci riguarda tutte e tutti e lavoreremo per rendere la Consulta pi\u00f9 inclusiva&#8221;, ci ha raccontato a poche ore dalla doppia soddisfazione, intervenendo su Radio Immagine.<\/p>\n<audio class=\"wp-audio-shortcode\" id=\"audio-293000-1\" preload=\"none\" style=\"width: 100%;\" controls=\"controls\"><source type=\"audio\/mpeg\" src=\"https:\/\/www.radioluna.it\/news\/wp-content\/uploads\/2021\/06\/vale-per-sito.mp3?_=1\" \/><a href=\"https:\/\/www.radioluna.it\/news\/wp-content\/uploads\/2021\/06\/vale-per-sito.mp3\">https:\/\/www.radioluna.it\/news\/wp-content\/uploads\/2021\/06\/vale-per-sito.mp3<\/a><\/audio>\n<p style=\"text-align: justify;\">Di recente proprio Valeria Campagna si era fatta promotrice, insieme con la <strong>segretaria di Lbc<\/strong> <strong>Elettra Ortu La Barbera<\/strong>, del provvedimento che elimina l&#8217;Iva al 22% sugli assorbenti igienici per le donne, la mozione cosiddetta <strong>&#8220;No Tampon Tax&#8221;<\/strong> che \u00e8 stata approvata in Consiglio, consentendo alla farmacia comunale di Latina di vendere il prodotto a prezzo di costo.<\/p>\n<p style=\"text-align: justify;\">\n<div class=\"radio-posizionamento-telefono-in-articoli-dopo-il-contenuto-articolo radio-entity-placement\" id=\"radio-946940699\"><div id=\"radio-713625679\" style=\"width: 300px;height: 250px;\"><a href=\"https:\/\/www.icarspa.it\/auto\/usate\/latina\/\" aria-label=\"banner aprile icar new life &#8211; auto usate latina\"><img loading=\"lazy\" decoding=\"async\" src=\"https:\/\/www.radioluna.it\/news\/wp-content\/uploads\/2026\/02\/banner-aprile-icar-new-life-auto-usate-latina.gif\" alt=\"\"  width=\"300\" height=\"250\"   \/><\/a><\/div><\/div>","protected":false},"excerpt":{"rendered":"<p>LATINA &#8211; Valeria Campagna \u00e8 stata eletta nella Consulta dei Giovani Amministratori di ANCI Lazio. Un importante traguardo per Latina e per la giovane consigliera comunale eletta con Lbc che, nel periodo di mandato del sindaco Coletta, \u00e8 stata sempre presente e attiva, ma si \u00e8 anche laureata con il massimo dei voti, premiata come [&hellip;]<\/p>\n","protected":false},"author":62,"featured_media":293003,"comment_status":"open","ping_status":"open","sticky":false,"template":"","format":"standard","meta":{"footnotes":""},"categories":[2310,8],"tags":[],"class_list":["post-293000","post","type-post","status-publish","format-standard","has-post-thumbnail","hentry","category-audio","category-politica"],"_links":{"self":[{"href":"https:\/\/www.radioluna.it\/news\/wp-json\/wp\/v2\/posts\/293000","targetHints":{"allow":["GET"]}}],"collection":[{"href":"https:\/\/www.radioluna.it\/news\/wp-json\/wp\/v2\/posts"}],"about":[{"href":"https:\/\/www.radioluna.it\/news\/wp-json\/wp\/v2\/types\/post"}],"author":[{"embeddable":true,"href":"https:\/\/www.radioluna.it\/news\/wp-json\/wp\/v2\/users\/62"}],"replies":[{"embeddable":true,"href":"https:\/\/www.radioluna.it\/news\/wp-json\/wp\/v2\/comments?post=293000"}],"version-history":[{"count":0,"href":"https:\/\/www.radioluna.it\/news\/wp-json\/wp\/v2\/posts\/293000\/revisions"}],"wp:featuredmedia":[{"embeddable":true,"href":"https:\/\/www.radioluna.it\/news\/wp-json\/wp\/v2\/media\/293003"}],"wp:attachment":[{"href":"https:\/\/www.radioluna.it\/news\/wp-json\/wp\/v2\/media?parent=293000"}],"wp:term":[{"taxonomy":"category","embeddable":true,"href":"https:\/\/www.radioluna.it\/news\/wp-json\/wp\/v2\/categories?post=293000"},{"taxonomy":"post_tag","embeddable":true,"href":"https:\/\/www.radioluna.it\/news\/wp-json\/wp\/v2\/tags?post=293000"}],"curies":[{"name":"wp","href":"https:\/\/api.w.org\/{rel}","templated":true}]}}