{"id":293779,"date":"2021-07-10T08:43:05","date_gmt":"2021-07-10T06:43:05","guid":{"rendered":"https:\/\/www.radioluna.it\/news\/?p=293779"},"modified":"2021-07-12T17:23:19","modified_gmt":"2021-07-12T15:23:19","slug":"evaso-in-francia-era-a-terracina-e-minacciava-attentati-mi-tolgo-la-vita-uccidendo-gente","status":"publish","type":"post","link":"https:\/\/www.radioluna.it\/news\/2021\/07\/evaso-in-francia-era-a-terracina-e-minacciava-attentati-mi-tolgo-la-vita-uccidendo-gente\/","title":{"rendered":"Filoterrorista evaso in Francia era a Terracina e minacciava attentati: &#8220;Mi tolgo la vita uccidendo gente&#8221;"},"content":{"rendered":"<div id=\"fb-root\"><\/div>\n<p style=\"text-align: justify;\"><strong>TERRACINA &#8211;<\/strong> Si trovava in un appartamento di Terracina un quarantenne tunisino residente in Francia, evaso lo scorso 29 maggio da un centro psichiatrico transalpino ed entrato da pochi giorni nel territorio italiano. Considerato un estremista aveva minacciato\u00a0 di togliersi la vita &#8220;uccidendo gente&#8221;. Ieri pomeriggio l&#8217;uomo \u00e8 stato rintracciato dalla Polizia di Stato e fermato.<\/p>\n<p style=\"text-align: justify;\">In Francia, il nordafricano \u00e8 indagato per apologia del terrorismo e minacce aggravate, oltre che reati contro la persona e in materia di stupefacenti. Aveva anche esaltato l&#8217;operato di Mohamed Merah, autore degli attentati di Tolosa e Montauban nel 2012 in cui rimasero uccise numerose persone. Indicato dalle autorit\u00e0 francesi come soggetto pericoloso. La Digos di Latina sotto il coordinamento della Procura della Repubblica di Roma, lo ricercava\u00a0 da maggio scorso, in collaborazione con il Servizio per il contrasto dell&#8217;estremismo e del terrorismo esterno dell&#8217; Ucigos dopo che tracce del suo passaggio erano state rilevate nelle stazioni ferroviarie di Genova,\u00a0 Roma e\u00a0 Napoli. Poi , il 7 luglio,\u00a0 la sala operativa internazionale del Servizio per la cooperazione internazionale di polizia ha segnalato in tempo reale che lo straniero aveva inviato una serie di mail all&#8217;ispettorato generale di polizia nazionale transalpino contenente minacce all&#8217;indirizzo dei francesi e delle loro istituzioni: voleva porre fine alla propria vita uccidendo la gente,\u00a0 scriveva. Il team investigativo della Digos di Latina e dell&#8217;Ucigos\u00a0 \u00e8 arrivato cos\u00ec\u00a0 in poche ore all&#8217;individuazione del nascondiglio. L&#8217;uomo \u00e8 gi\u00e0 stato riconsegnato alle autorit\u00e0 francesi.<\/p>\n","protected":false},"excerpt":{"rendered":"<p>TERRACINA &#8211; Si trovava in un appartamento di Terracina un quarantenne tunisino residente in Francia, evaso lo scorso 29 maggio da un centro psichiatrico transalpino ed entrato da pochi giorni nel territorio italiano. Considerato un estremista aveva minacciato\u00a0 di togliersi la vita &#8220;uccidendo gente&#8221;. Ieri pomeriggio l&#8217;uomo \u00e8 stato rintracciato dalla Polizia di Stato e [&hellip;]<\/p>\n","protected":false},"author":62,"featured_media":269998,"comment_status":"open","ping_status":"open","sticky":false,"template":"","format":"standard","meta":{"footnotes":""},"categories":[7],"tags":[],"class_list":["post-293779","post","type-post","status-publish","format-standard","has-post-thumbnail","hentry","category-cronaca"],"_links":{"self":[{"href":"https:\/\/www.radioluna.it\/news\/wp-json\/wp\/v2\/posts\/293779","targetHints":{"allow":["GET"]}}],"collection":[{"href":"https:\/\/www.radioluna.it\/news\/wp-json\/wp\/v2\/posts"}],"about":[{"href":"https:\/\/www.radioluna.it\/news\/wp-json\/wp\/v2\/types\/post"}],"author":[{"embeddable":true,"href":"https:\/\/www.radioluna.it\/news\/wp-json\/wp\/v2\/users\/62"}],"replies":[{"embeddable":true,"href":"https:\/\/www.radioluna.it\/news\/wp-json\/wp\/v2\/comments?post=293779"}],"version-history":[{"count":0,"href":"https:\/\/www.radioluna.it\/news\/wp-json\/wp\/v2\/posts\/293779\/revisions"}],"wp:featuredmedia":[{"embeddable":true,"href":"https:\/\/www.radioluna.it\/news\/wp-json\/wp\/v2\/media\/269998"}],"wp:attachment":[{"href":"https:\/\/www.radioluna.it\/news\/wp-json\/wp\/v2\/media?parent=293779"}],"wp:term":[{"taxonomy":"category","embeddable":true,"href":"https:\/\/www.radioluna.it\/news\/wp-json\/wp\/v2\/categories?post=293779"},{"taxonomy":"post_tag","embeddable":true,"href":"https:\/\/www.radioluna.it\/news\/wp-json\/wp\/v2\/tags?post=293779"}],"curies":[{"name":"wp","href":"https:\/\/api.w.org\/{rel}","templated":true}]}}