{"id":293795,"date":"2021-07-10T11:30:27","date_gmt":"2021-07-10T09:30:27","guid":{"rendered":"https:\/\/www.radioluna.it\/news\/?p=293795"},"modified":"2021-07-10T11:30:27","modified_gmt":"2021-07-10T09:30:27","slug":"libri-damare-presenta-a-latina-storia-ditalia-del-calcio-e-della-nazionale","status":"publish","type":"post","link":"https:\/\/www.radioluna.it\/news\/2021\/07\/libri-damare-presenta-a-latina-storia-ditalia-del-calcio-e-della-nazionale\/","title":{"rendered":"Libri D&#8217;Amare presenta a Latina Storia D&#8217;Italia del calcio e della nazionale"},"content":{"rendered":"<div id=\"fb-root\"><\/div>\n<p style=\"text-align: justify;\"><strong>LATINA\u00a0<\/strong> &#8211; Nuovo appuntamento con i libri al litorale di Latina per la rassegna \u201cLibri d\u2019aMare\u201d, ospitata da \u201cGelatilandia &#8211; Mi Piace\u201d, la terrazza sul mare alla rotonda di Capoportiere.<\/p>\n<p style=\"text-align: justify;\">Luned\u00ec 12 luglio, sempre con inizio alle ore 19,00 e con ingresso libero Mauro Grimaldi presenter\u00e0 i due volumi di Storia d\u2019Italia, del calcio e della Nazionale. Uomini, fatti, aneddoti, edito dalla casa editrice LAB DFG di Latina.\u00a0 Con l\u2019autore sar\u00e0 presente il Sindaco di Latina Damiano Coletta per commentare con un ex calciatore e ripercorrere i passaggi storici che hanno consacrato il calcio come sport pi\u00f9 amato e seguito al mondo. Saranno anche esposte le maglie originali dei due giocatori azzurri, Florenzi e Insigne, parte della mostra itinerante Un Secolo d\u2019Azzurro.<\/p>\n<p style=\"text-align: justify;\">&#8220;Ripercorreremo gli anni d\u2019oro della Nazionale italiana &#8211; dicono gli organizzatori di LAB DFG &#8211; Il calcio non \u00e8 uno sport come gli altri ma un collettore di interessi, che incide fortemente anche sulla sfera economica del nostro Paese. Il calcio \u00e8 parte integrante della nostra cultura, \u00e8 radicato nei nostri costumi. La maglia azzurra della Nazionale \u00e8 una delle icone pi\u00f9 rappresentative di questo fenomeno. Chi non ricorda la corsa sul campo del Bernabeu di Marco Tardelli nella finale mondiale del 1982? Chi non ricorda Fabio Cannavaro che solleva verso il cielo la coppa del mondo nel 2006? \u00c8 una storia infinita che va avanti da oltre un secolo e che anche in Italia ha emozionato e continua a emozionare milioni di persone&#8221;.<\/p>\n","protected":false},"excerpt":{"rendered":"<p>LATINA\u00a0 &#8211; Nuovo appuntamento con i libri al litorale di Latina per la rassegna \u201cLibri d\u2019aMare\u201d, ospitata da \u201cGelatilandia &#8211; Mi Piace\u201d, la terrazza sul mare alla rotonda di Capoportiere. Luned\u00ec 12 luglio, sempre con inizio alle ore 19,00 e con ingresso libero Mauro Grimaldi presenter\u00e0 i due volumi di Storia d\u2019Italia, del calcio e [&hellip;]<\/p>\n","protected":false},"author":62,"featured_media":293796,"comment_status":"open","ping_status":"open","sticky":false,"template":"","format":"standard","meta":{"footnotes":""},"categories":[16],"tags":[],"class_list":["post-293795","post","type-post","status-publish","format-standard","has-post-thumbnail","hentry","category-appuntamenti"],"_links":{"self":[{"href":"https:\/\/www.radioluna.it\/news\/wp-json\/wp\/v2\/posts\/293795","targetHints":{"allow":["GET"]}}],"collection":[{"href":"https:\/\/www.radioluna.it\/news\/wp-json\/wp\/v2\/posts"}],"about":[{"href":"https:\/\/www.radioluna.it\/news\/wp-json\/wp\/v2\/types\/post"}],"author":[{"embeddable":true,"href":"https:\/\/www.radioluna.it\/news\/wp-json\/wp\/v2\/users\/62"}],"replies":[{"embeddable":true,"href":"https:\/\/www.radioluna.it\/news\/wp-json\/wp\/v2\/comments?post=293795"}],"version-history":[{"count":0,"href":"https:\/\/www.radioluna.it\/news\/wp-json\/wp\/v2\/posts\/293795\/revisions"}],"wp:featuredmedia":[{"embeddable":true,"href":"https:\/\/www.radioluna.it\/news\/wp-json\/wp\/v2\/media\/293796"}],"wp:attachment":[{"href":"https:\/\/www.radioluna.it\/news\/wp-json\/wp\/v2\/media?parent=293795"}],"wp:term":[{"taxonomy":"category","embeddable":true,"href":"https:\/\/www.radioluna.it\/news\/wp-json\/wp\/v2\/categories?post=293795"},{"taxonomy":"post_tag","embeddable":true,"href":"https:\/\/www.radioluna.it\/news\/wp-json\/wp\/v2\/tags?post=293795"}],"curies":[{"name":"wp","href":"https:\/\/api.w.org\/{rel}","templated":true}]}}