{"id":293887,"date":"2021-07-12T14:02:15","date_gmt":"2021-07-12T12:02:15","guid":{"rendered":"https:\/\/www.radioluna.it\/news\/?p=293887"},"modified":"2021-07-12T14:02:15","modified_gmt":"2021-07-12T12:02:15","slug":"dopo-lo-scandalo-asl-il-pd-pensa-ad-una-lista-oltre-il-tradizionale-recinto","status":"publish","type":"post","link":"https:\/\/www.radioluna.it\/news\/2021\/07\/dopo-lo-scandalo-asl-il-pd-pensa-ad-una-lista-oltre-il-tradizionale-recinto\/","title":{"rendered":"Dopo lo scandalo Asl, il Pd pensa ad una lista &#8220;oltre il tradizionale recinto&#8221;"},"content":{"rendered":"<div id=\"fb-root\"><\/div>\n<p style=\"text-align: justify;\"><strong>LATINA<\/strong> &#8211; Tentati da una lista che vada oltre il PD per andare alle Amministrative senza il simbolo. Si discute di questo, tra favorevoli e contrari all&#8217;ipotesi &#8211;\u00a0 che \u00e8 comunque in campo &#8211;\u00a0 probabilmente sollecitata anche da Lbc. Dopo l&#8217;incontro con il commissario provinciale Matteo Mauri, arrivato marted\u00ec scorso in visita a Latina per incontrare i rappresentanti di partito delle citt\u00e0 in cui si terranno le Amministrative, la segretaria comunale di Latina, Franca Rieti fa il punto e convoca il direttivo &#8220;per lanciare il nuovo corso&#8221;,\u00a0 spiega in una nota:\u00a0 nuova segreteria, adatta alle sfide del momento; nuove iniziative politiche per spiegare il nostro progetto per Latina; nuove sfide per Latina, la cultura, i quartieri e le periferie, lo sviluppo economico&#8221;. Succede dopo l&#8217;inchiesta che ha travolto l&#8217;ex segretario provinciale Claudio Moscardelli, anche per provare ad &#8220;epurare&#8221; gli esponenti di partito a lui pi\u00f9 vicini.<\/p>\n<p style=\"text-align: justify;\">&#8220;Il momento che stiamo vivendo\u00a0 &#8211; scrive Franca Rieti &#8211; \u00e8 di estrema delicatezza, ma in nessun modo scalfisce la dignit\u00e0 di un partito che esiste al di l\u00e0 dei propri dirigenti. Quella dei democratici di Latina \u00e8 una comunit\u00e0 vera, che sta vivendo con profonda sofferenza questa fase. Recentemente siamo riusciti a superare le divisioni interne attraverso la costituzione di gruppi tematici ed organismi unitari, ma soprattutto attraverso una linea politica condivisa, incentrata sul sostegno alla candidatura di Damiano Coletta per la rielezione a Sindaco. I Democratici credono profondamente nel progetto del sindaco e della coalizione civica che lo sostiene, una compagine che \u00e8 stata in grado di rappresentare il buon governo e la legalit\u00e0&#8221;, afferma la Rieti. Una linea che proprio Mauri avrebbe ribadito come l&#8217;unica strada possibile.<\/p>\n<p style=\"text-align: justify;\">Parole che sconfessano anche la lunga e ostinata opposizione in Consiglio Comunale che proprio i Dem hanno portato avanti contro Lbc e Coletta per arrivare poi ad un accordo in vista delle nuove Amministrative. Enfatizza infatti la parola \u201cNuovo\u201d la segretaria comunale, spiegando che &#8220;un nuovo Pd si prepara per difendere il cambiamento che le forze di maggioranza hanno costruito per Latina in questi anni. Coletta ha permesso a Latina di entrare nella \u201cnormalit\u00e0\u201d dopo anni torbidi, ora \u00e8 il momento di chiamare la citt\u00e0 a costruire il proprio futuro, servono progetti, competenze e gioco di squadra: l\u2019Italia di Mancini insegna!&#8221;<\/p>\n<p style=\"text-align: justify;\">Se tutto questo si tradurr\u00e0 in una lista senza simbolo Pd, \u00e8 presto per dirlo. Le posizioni in quel che resta del partito a livello locale, non sono affatto univoche: &#8220;Anche di questo si parler\u00e0 proprio nel direttivo, non mi nascondo e non nego che ci sono posizioni differenti. Il punto \u00e8 capire se ci sono le condizioni per una lista che vada oltre il nostro tradizionale recinto&#8221;, conclude la Rieti.<\/p>\n<div class=\"radio-posizionamento-telefono-in-articoli-dopo-il-contenuto-articolo radio-entity-placement\" id=\"radio-3764676791\"><div id=\"radio-3132612185\" style=\"width: 300px;height: 250px;\"><a href=\"https:\/\/www.icarspa.it\/auto\/usate\/latina\/\" aria-label=\"banner aprile icar new life &#8211; auto usate latina\"><img loading=\"lazy\" decoding=\"async\" src=\"https:\/\/www.radioluna.it\/news\/wp-content\/uploads\/2026\/02\/banner-aprile-icar-new-life-auto-usate-latina.gif\" alt=\"\"  width=\"300\" height=\"250\"   \/><\/a><\/div><\/div>","protected":false},"excerpt":{"rendered":"<p>LATINA &#8211; Tentati da una lista che vada oltre il PD per andare alle Amministrative senza il simbolo. Si discute di questo, tra favorevoli e contrari all&#8217;ipotesi &#8211;\u00a0 che \u00e8 comunque in campo &#8211;\u00a0 probabilmente sollecitata anche da Lbc. Dopo l&#8217;incontro con il commissario provinciale Matteo Mauri, arrivato marted\u00ec scorso in visita a Latina per [&hellip;]<\/p>\n","protected":false},"author":62,"featured_media":293906,"comment_status":"open","ping_status":"open","sticky":false,"template":"","format":"standard","meta":{"footnotes":""},"categories":[8],"tags":[],"class_list":["post-293887","post","type-post","status-publish","format-standard","has-post-thumbnail","hentry","category-politica"],"_links":{"self":[{"href":"https:\/\/www.radioluna.it\/news\/wp-json\/wp\/v2\/posts\/293887","targetHints":{"allow":["GET"]}}],"collection":[{"href":"https:\/\/www.radioluna.it\/news\/wp-json\/wp\/v2\/posts"}],"about":[{"href":"https:\/\/www.radioluna.it\/news\/wp-json\/wp\/v2\/types\/post"}],"author":[{"embeddable":true,"href":"https:\/\/www.radioluna.it\/news\/wp-json\/wp\/v2\/users\/62"}],"replies":[{"embeddable":true,"href":"https:\/\/www.radioluna.it\/news\/wp-json\/wp\/v2\/comments?post=293887"}],"version-history":[{"count":0,"href":"https:\/\/www.radioluna.it\/news\/wp-json\/wp\/v2\/posts\/293887\/revisions"}],"wp:featuredmedia":[{"embeddable":true,"href":"https:\/\/www.radioluna.it\/news\/wp-json\/wp\/v2\/media\/293906"}],"wp:attachment":[{"href":"https:\/\/www.radioluna.it\/news\/wp-json\/wp\/v2\/media?parent=293887"}],"wp:term":[{"taxonomy":"category","embeddable":true,"href":"https:\/\/www.radioluna.it\/news\/wp-json\/wp\/v2\/categories?post=293887"},{"taxonomy":"post_tag","embeddable":true,"href":"https:\/\/www.radioluna.it\/news\/wp-json\/wp\/v2\/tags?post=293887"}],"curies":[{"name":"wp","href":"https:\/\/api.w.org\/{rel}","templated":true}]}}