{"id":294008,"date":"2021-07-14T12:25:29","date_gmt":"2021-07-14T10:25:29","guid":{"rendered":"https:\/\/www.radioluna.it\/news\/?p=294008"},"modified":"2021-07-15T13:32:26","modified_gmt":"2021-07-15T11:32:26","slug":"voti-mafiosi-agostino-riccardo-incaricato-dal-clan-di-silvio-di-gestire-i-rapporti-con-i-colletti-bianchi","status":"publish","type":"post","link":"https:\/\/www.radioluna.it\/news\/2021\/07\/voti-mafiosi-agostino-riccardo-incaricato-dal-clan-di-silvio-di-gestire-i-rapporti-con-i-colletti-bianchi\/","title":{"rendered":"Voti mafiosi, Agostino Riccardo incaricato dal clan Di Silvio di gestire i rapporti con i colletti bianchi"},"content":{"rendered":"<div id=\"fb-root\"><\/div>\n<p style=\"text-align: justify;\"><strong>LATINA &#8211; <\/strong>Una delle ultime foto circolanti del collaboratore di giustizia Agostino Riccardo \u00e8 stata scattata in un&#8217;occasione pubblica: al point elettorale della Lega Noi con Salvini. Era la primavera del 2016 e, da quanto emerso ieri dall&#8217;ultima inchiesta della Dda di Roma sui clan stanziali a Latina, Riccardo era diventato il referente dei temuti Di Silvio presso politici e imprenditori. Forse in questa sua veste, e non in quella di simpatizzante, si trovava nella sede elettorale del partito il giorno della visita del leader a Latina. Riccardo era la faccia &#8220;non Rom&#8221; della mala locale, capace di intessere e mantenere relazioni, preceduto da una fama che metteva paura il giusto per accreditarsi. E godeva della fiducia dei vertici del clan.<\/p>\n<p style=\"text-align: justify;\">L&#8217;inchiesta sul voto di scambio mafioso scattata ieri all&#8217;alba con l&#8217;arresto di Raffaele Del Prete e Emanuele Forzan, entrambi ai\u00a0 domiciliari, \u00e8 anche quella che documenta come il clan, dopo la guerra criminale che insanguin\u00f2 Latina nel 2010, aveva deciso di non voler pi\u00f9 essere &#8220;solo&#8221; un&#8217;organizzazione criminale dedita all&#8217;usura, al traffico di droga e alle estorsioni, ma di voler fare il salto, nominando un delegato ai rapporti con la societ\u00e0 civile e i colletti bianchi. Merci di scambio erano voti, danaro, appalti. Lo spiega ai magistrati della Dda di Roma Luigia Spinelli e Corrado Fasanelli proprio Riccardo nelle sue memorie, quando era gi\u00e0 emerso, nel corso di indagini, l&#8217;interesse proprio di Del Prete a sostenere la Lista Noi con Salvini non solo a Latina, ma anche a Terracina e ancora prima, le intercettazioni ambientali nell&#8217;inchiesta<a href=\"https:\/\/www.radioluna.it\/news\/2017\/12\/cisterna-18-arresti-per-associazione-a-delinquere-e-linchiesta-tocca-latina-e-anzio-ai-domiciliari-lassessore-allurbanistica-del-comune-capoluogo-buttarelli\/\"> TouchDown sul comune di Cisterna<\/a> avevano evidenziato l&#8217;interesse di Del Prete (allora finito in carcere e che poi ha patteggiato la pena di tre anni) ad accaparrarsi illecitamente gli appalti sui rifiuti. Quando Agostino Riccardo racconta, agli atti di Touchdown ci sono gi\u00e0 i riscontri.<\/p>\n<p style=\"text-align: justify;\">Che cosa abbia effettivamente portato a Matteo Adinolfi, l&#8217;accordo tra del Prete e Agostino Riccardo, lo stabiliranno i giudici. Intanto l&#8217;europarlamentare della Lega indagato nella stessa inchiesta e per il medesimo reato di voto di scambio mafioso, \u00e8 invitato a comparire davanti alla Dda, il 20 luglio.<\/p>\n<div class=\"radio-posizionamento-telefono-in-articoli-dopo-il-contenuto-articolo radio-entity-placement\" id=\"radio-3083383735\"><div id=\"radio-2851745369\"><a href=\"https:\/\/grupporedi.it\/\" aria-label=\"Redi-Qr\"><img loading=\"lazy\" decoding=\"async\" src=\"https:\/\/www.radioluna.it\/news\/wp-content\/uploads\/2026\/03\/Redi-Qr.jpg\" alt=\"\"  srcset=\"https:\/\/www.radioluna.it\/news\/wp-content\/uploads\/2026\/03\/Redi-Qr.jpg 800w, https:\/\/www.radioluna.it\/news\/wp-content\/uploads\/2026\/03\/Redi-Qr-768x639.jpg 768w\" sizes=\"(max-width: 800px) 100vw, 800px\" width=\"300\" height=\"250\"   \/><\/a><\/div><\/div>","protected":false},"excerpt":{"rendered":"<p>LATINA &#8211; Una delle ultime foto circolanti del collaboratore di giustizia Agostino Riccardo \u00e8 stata scattata in un&#8217;occasione pubblica: al point elettorale della Lega Noi con Salvini. Era la primavera del 2016 e, da quanto emerso ieri dall&#8217;ultima inchiesta della Dda di Roma sui clan stanziali a Latina, Riccardo era diventato il referente dei temuti [&hellip;]<\/p>\n","protected":false},"author":62,"featured_media":224376,"comment_status":"open","ping_status":"open","sticky":false,"template":"","format":"standard","meta":{"footnotes":""},"categories":[7],"tags":[],"class_list":["post-294008","post","type-post","status-publish","format-standard","has-post-thumbnail","hentry","category-cronaca"],"_links":{"self":[{"href":"https:\/\/www.radioluna.it\/news\/wp-json\/wp\/v2\/posts\/294008","targetHints":{"allow":["GET"]}}],"collection":[{"href":"https:\/\/www.radioluna.it\/news\/wp-json\/wp\/v2\/posts"}],"about":[{"href":"https:\/\/www.radioluna.it\/news\/wp-json\/wp\/v2\/types\/post"}],"author":[{"embeddable":true,"href":"https:\/\/www.radioluna.it\/news\/wp-json\/wp\/v2\/users\/62"}],"replies":[{"embeddable":true,"href":"https:\/\/www.radioluna.it\/news\/wp-json\/wp\/v2\/comments?post=294008"}],"version-history":[{"count":0,"href":"https:\/\/www.radioluna.it\/news\/wp-json\/wp\/v2\/posts\/294008\/revisions"}],"wp:featuredmedia":[{"embeddable":true,"href":"https:\/\/www.radioluna.it\/news\/wp-json\/wp\/v2\/media\/224376"}],"wp:attachment":[{"href":"https:\/\/www.radioluna.it\/news\/wp-json\/wp\/v2\/media?parent=294008"}],"wp:term":[{"taxonomy":"category","embeddable":true,"href":"https:\/\/www.radioluna.it\/news\/wp-json\/wp\/v2\/categories?post=294008"},{"taxonomy":"post_tag","embeddable":true,"href":"https:\/\/www.radioluna.it\/news\/wp-json\/wp\/v2\/tags?post=294008"}],"curies":[{"name":"wp","href":"https:\/\/api.w.org\/{rel}","templated":true}]}}