{"id":294542,"date":"2021-07-22T19:20:21","date_gmt":"2021-07-22T17:20:21","guid":{"rendered":"https:\/\/www.radioluna.it\/news\/?p=294542"},"modified":"2021-07-22T19:20:21","modified_gmt":"2021-07-22T17:20:21","slug":"priverno-ha-la-sua-cittadella-della-salute-cavalli-un-luogo-bello-umanizzato","status":"publish","type":"post","link":"https:\/\/www.radioluna.it\/news\/2021\/07\/priverno-ha-la-sua-cittadella-della-salute-cavalli-un-luogo-bello-umanizzato\/","title":{"rendered":"Priverno ha la sua Cittadella della Salute, Cavalli: &#8220;Un luogo bello, umanizzato&#8221;"},"content":{"rendered":"<div id=\"fb-root\"><\/div>\n<p style=\"text-align: justify;\"><strong>LATINA &#8211; Priverno <\/strong>ha la sua<strong> Cittadella della Salute. <\/strong>E&#8217; stata inaugurata questa mattina dall&#8217;assessore alla Sanit\u00e0 della Regione Lazio, <strong>Alessio D&#8217;Amato<\/strong> con la direttrice generale della <strong>Asl di Latina, Silvia Cavalli,<\/strong> alla presenza\u00a0 dei rappresentanti delle istituzioni del territorio, la struttura in Via Madonna delle Grazie.<\/p>\n<p style=\"text-align: justify;\">La ristrutturazione dei locali da sempre noti per la presenza qualificatissima del Centro di Neuropsichiatria dell&#8217;Infanzia e dell&#8217;Adolescenza ha consentito di accorpare in un unico luogo, anche Casa della Salute di Priverno, all\u2019interno della quale, \u00e8 presente il PUA dedicato all\u2019accoglienza e orientamento dei cittadini per la presa in carico soprattutto dei bisogni sociosanitari; e la sede del Corso di Laurea di Terapista della Neuropsicomotricit\u00e0 dell\u2019et\u00e0 evolutiva dell\u2019Universit\u00e0 la Sapienza.<\/p>\n<p style=\"text-align: justify;\">&#8220;Una bellissima struttura di prossimit\u00e0 per la popolazione, per tutto il bacino dei monti Lepini che per quella zona tocca circa 27mila abitanti. Il terzo tassello inaugurato \u00e8 la casa della Salute dove \u00e8 stata realizzata anche una unit\u00e0 di dialisi molto umanizzata e con questa occasione abbiamo fatto anche un recupero dello spazio esterno sul verde&#8221;.<\/p>\n<p style=\"text-align: justify;\">Nella Casa della Salute sono state previste le funzioni per l\u2019assistenza primaria di base, quelle dell\u2019area specialistica e dell\u2019area infermieristica: il Punto di Assistenza territoriale (PAT); Ambulatori per le UCP dei Medici di Medicina Generale e la sede della Continuit\u00e0 Assistenziale (ex Guardia Medica); il CUP, un Punto Prelievi, l\u2019Ambulatorio Infermieristico, gli Ambulatori Specialistici (Cardiologia, Pneumologia, Geriatria, Diabetologia, Oculistica, Otorinolaringoiatria, Endocrinologia, e Nefrologia), la Diagnostica per immagini (Radiologia tradizionale ed ecografia internistica) e il Punto Unico di Accesso (PUA).<br \/>\nTra le funzioni aggiuntive il Centro Dialisi; la Telemedicina per la centrale monitoraggio Covid-19; l\u2019Ambulatorio di Riabilitazione e recupero Funzionale (Fisiochinesiterapia) e l\u2019Assistenza Protesica.<\/p>\n<p style=\"text-align: justify;\">&#8220;La Cittadella della Salute rappresenta il centro della pi\u00f9 ampia rete dei servizi territoriali tra cui le Farmacie, il CAD (Centro assistenza domiciliare), i Medici di medicina generale e i Pediatri di libera scelta, ed \u00e8 il luogo dove si concretizza la sinergia fra tutti gli attori coinvolti per la realizzazione di cure accessibili e integrate&#8221; si legge in una nota della Asl.<\/p>\n<p>&nbsp;<\/p>\n<div class=\"radio-posizionamento-telefono-in-articoli-dopo-il-contenuto-articolo radio-entity-placement\" id=\"radio-966048677\"><div id=\"radio-143600418\"><a href=\"https:\/\/grupporedi.it\/\" aria-label=\"Redi-Qr\"><img loading=\"lazy\" decoding=\"async\" src=\"https:\/\/www.radioluna.it\/news\/wp-content\/uploads\/2026\/03\/Redi-Qr.jpg\" alt=\"\"  srcset=\"https:\/\/www.radioluna.it\/news\/wp-content\/uploads\/2026\/03\/Redi-Qr.jpg 800w, https:\/\/www.radioluna.it\/news\/wp-content\/uploads\/2026\/03\/Redi-Qr-768x639.jpg 768w\" sizes=\"(max-width: 800px) 100vw, 800px\" width=\"300\" height=\"250\"   \/><\/a><\/div><\/div>","protected":false},"excerpt":{"rendered":"<p>LATINA &#8211; Priverno ha la sua Cittadella della Salute. E&#8217; stata inaugurata questa mattina dall&#8217;assessore alla Sanit\u00e0 della Regione Lazio, Alessio D&#8217;Amato con la direttrice generale della Asl di Latina, Silvia Cavalli, alla presenza\u00a0 dei rappresentanti delle istituzioni del territorio, la struttura in Via Madonna delle Grazie. La ristrutturazione dei locali da sempre noti per [&hellip;]<\/p>\n","protected":false},"author":62,"featured_media":294566,"comment_status":"open","ping_status":"open","sticky":false,"template":"","format":"standard","meta":{"footnotes":""},"categories":[7],"tags":[4937,2154],"class_list":["post-294542","post","type-post","status-publish","format-standard","has-post-thumbnail","hentry","category-cronaca","tag-cttadella-della-salute-di-priverno","tag-notizie-di-latina"],"_links":{"self":[{"href":"https:\/\/www.radioluna.it\/news\/wp-json\/wp\/v2\/posts\/294542","targetHints":{"allow":["GET"]}}],"collection":[{"href":"https:\/\/www.radioluna.it\/news\/wp-json\/wp\/v2\/posts"}],"about":[{"href":"https:\/\/www.radioluna.it\/news\/wp-json\/wp\/v2\/types\/post"}],"author":[{"embeddable":true,"href":"https:\/\/www.radioluna.it\/news\/wp-json\/wp\/v2\/users\/62"}],"replies":[{"embeddable":true,"href":"https:\/\/www.radioluna.it\/news\/wp-json\/wp\/v2\/comments?post=294542"}],"version-history":[{"count":0,"href":"https:\/\/www.radioluna.it\/news\/wp-json\/wp\/v2\/posts\/294542\/revisions"}],"wp:featuredmedia":[{"embeddable":true,"href":"https:\/\/www.radioluna.it\/news\/wp-json\/wp\/v2\/media\/294566"}],"wp:attachment":[{"href":"https:\/\/www.radioluna.it\/news\/wp-json\/wp\/v2\/media?parent=294542"}],"wp:term":[{"taxonomy":"category","embeddable":true,"href":"https:\/\/www.radioluna.it\/news\/wp-json\/wp\/v2\/categories?post=294542"},{"taxonomy":"post_tag","embeddable":true,"href":"https:\/\/www.radioluna.it\/news\/wp-json\/wp\/v2\/tags?post=294542"}],"curies":[{"name":"wp","href":"https:\/\/api.w.org\/{rel}","templated":true}]}}