{"id":294562,"date":"2021-07-22T18:53:38","date_gmt":"2021-07-22T16:53:38","guid":{"rendered":"https:\/\/www.radioluna.it\/news\/?p=294562"},"modified":"2021-07-22T18:53:38","modified_gmt":"2021-07-22T16:53:38","slug":"latina-lido-festa-di-mezzestate-e-teatro-in-parco-vasco-da-gama","status":"publish","type":"post","link":"https:\/\/www.radioluna.it\/news\/2021\/07\/latina-lido-festa-di-mezzestate-e-teatro-in-parco-vasco-da-gama\/","title":{"rendered":"Latina Lido, festa di mezz\u2019estate e teatro in Parco Vasco da Gama"},"content":{"rendered":"<div id=\"fb-root\"><\/div>\n<p style=\"text-align: justify;\"><strong><img loading=\"lazy\" decoding=\"async\" class=\"aligncenter size-full wp-image-294564\" src=\"https:\/\/www.radioluna.it\/news\/wp-content\/uploads\/2021\/07\/Opera-Prima-al-Da-Gama.jpeg\" alt=\"\" width=\"1024\" height=\"768\" srcset=\"https:\/\/www.radioluna.it\/news\/wp-content\/uploads\/2021\/07\/Opera-Prima-al-Da-Gama.jpeg 1024w, https:\/\/www.radioluna.it\/news\/wp-content\/uploads\/2021\/07\/Opera-Prima-al-Da-Gama-768x576.jpeg 768w\" sizes=\"auto, (max-width: 1024px) 100vw, 1024px\" \/>LATINA &#8211;<\/strong>\u00a0 Un fine settimana di eventi a ingresso gratuito con <strong>Polvere&amp;Ciliegia<\/strong>,<strong> OperaPrima<\/strong>, <strong>MFE e Forum Giovani Latina<\/strong> e con le <strong>Scorribande Popolari<\/strong>. E&#8217; quanto propone il cartellone di eventi <strong>Estate al Parco<\/strong> ideato dalla<strong> Cooperativa Sociale Il Quadrifoglio<\/strong> per l\u2019area verde al Lido di Latina completamente riqualificata.<\/p>\n<p style=\"text-align: justify;\">In Strada Pantelleria nei pressi di Foce Verde si comincia venerd\u00ec 23 luglio alle 18,30, con il teatro in musica per bambini \u201cSonaglina\u201d dell\u2019Associazione Polvere&amp;Ciliegia Acchiappastorie; alle 21 sar\u00e0 il momento della presentazione del libro di Francesco Saraceno, \u201cLa Riconquista. Perch\u00e9 abbiamo perso l\u2019Europa e come possiamo riprendercela\u201d, per proseguire poi sabato 24 luglio ore 19:30 con il teatro per famiglie di OperaPrima Teatro \u201cL\u2019Unione fa la Forza\u201d e, alle 22, sar\u00e0 grande festa con i balli e le musiche delle Scorribande Musicali.<\/p>\n<p style=\"text-align: justify;\">Tutti gli appuntamenti sono gratuiti, svolti nel rispetto della normativa antiCovid e per motivi organizzativi \u00e8 consigliato prenotare al 3284655035 (gli spettacoli saranno messi in scena con un numero minimo di 15 bambini prenotati).<\/p>\n<p style=\"text-align: justify;\"><strong>GLI EVENTI<\/strong> &#8211; \u201cSonaglina\u201d -venerd\u00ec ore 18:30- \u00e8 una fiaba musicale i cui protagonisti sono piccoli strumenti a percussione vestiti e animati come fossero marionette. La fiaba sar\u00e0 recitata con piccole scenografie, cantata, suonata con flauto, ottavino, tastiere, percussioni. Seguir\u00e0 un piccolo laboratorio ritmico con i bambini per far conoscere loro i protagonisti musicali della storia: Principessa Sonaglina, Re Tamburello, la Fata Cantaincanta e tanti altri personaggi! Fiaba e canzoni, flauto e ottavino sono ad opera di Laura Shultis, le scene e i costumi di Anna Maria De Blasio, tastiera, clarinetto e arrangiamenti musicali sono di Bruno Soscia, le voci narranti sono di Anna Maria e di Laura.<\/p>\n<p style=\"text-align: justify;\">\u201cLa riconquista. Perch\u00e9 abbiamo perso l&#8217;Europa e come possiamo riprendercela\u201d -venerd\u00ec ore 21-, ospite l&#8217;autore Francesco Saraceno, Luiss University press. La presentazione del libro del Prof. Saraceno sar\u00e0 introdotta da Mario Leone, direttore dell\u2019Istituto di studi federalisti Altiero Spinelli. A dialogare con l&#8217;autore, Maria Gabriella Taboga, Presidente del Forum dei Giovani di Latina e Oleh Opryshko, Giovent\u00f9 Federalista Europea Latina. Parteciper\u00e0 l\u2019assessore alle Politiche Culturali del Comune di Latina, Silvio Di Francia.<\/p>\n<p style=\"text-align: justify;\">\u201cL\u2019Unione fa la Forza\u201d, con Agnese Chiara D\u2019Apuzzo e Zahira Silvestri, \u00e8 uno spettacolo dedicato ai quattro elementi, Aria-Terra-Fuoco-Acqua, le musiche sono suonate dal vivo con strumenti a percussione da Andrea Grassi. \u201cL\u2019Unione fa la Foza\u201d -ideato e messo in scena da OperaPrima, una compagnia che opera da 26 anni nel territorio- \u00e8 un\u2019importante riflessione sull\u2019importanza del rispetto dell\u2019ambiente e convivenza civile su cui, fin da piccoli, \u00e8 possibile riflettere per poi essere consapevoli di quello che \u00e8 intorno a noi: Acqua, Terra, Aria, Fuoco elementi che possono esistere l\u2019uno grazie all\u2019altro. Questa \u00e8 la storia di 4 amici che, a seguito di una lite furibonda, decidono di prendere strade diverse. Profondamente convinti della propria indipendenza cominciano a ignorarsi pericolosamente tanto che ognuno decide di fondare un nuovo Regno. Tutto sembra andare per il meglio, ognuno risponde solo alle proprie regole, risponde solo a se stesso ma ben presto qualcosa inizia a non funzionare bene, questa indipendenza crea problemi insolubili, pian pianino spariscono forme di vita fondamentali per l\u2019uno e l\u2019altro Regno, la Terra senz\u2019acqua diventa arida, il fuoco senz\u2019aria \u00e8 debole e cos\u00ec via, ognuno dei 4 Regni \u00e8 destinato a morire se non riusciranno a coesistere in modo consapevole. L\u2019armonia universale verr\u00e0 ripristinata grazie allo scambio e all\u2019aiuto reciproco di ognuno dei quattro.<\/p>\n<p style=\"text-align: justify;\">Scorribande Popolari -sabato ore 22-. L\u2019allegria non mancher\u00e0 nella Festa di MezzEstate pensata in compagnia dei canti, musiche e danze delle Scorribande Popolari. Il gruppo di 5 artisti propone e reinterpreta un repertorio legato alle tradizioni musicali popolari, viaggiando attraverso il centro sud Italia per ricreare il momento della &#8220;Festa a Ballo&#8221;: Pizzica, Tammurriata, Saltarello, Tarantella calabrese, garganica e napoletana. Alessandro De Cicco ai tamburi e canti, Monica Flemac alle danze, Claudio Madaudo al flauto traverso, dritto, penny whistle e friscaletto; Gaetano Maisto alla chitarra acustica, classica, mandolino e canti; Bruno Panico alla fisarmonica e organetto.<\/p>\n<p style=\"text-align: justify;\">Media partner\u00a0del cartellone Estate al Parco sono Latina Editoriale Oggi, Latina24ore.it, Radio Immagine, Radio Luna, Radio Latina, Periodico Contatto, ParvapoliS. Le\u00a0Associazioni amiche\u00a0sono Diaphor\u00e0, LatinAutismo, Progetto Upper, Latina per Bambini, Tre Mamme per Amiche. Il cartellone gode del patrocinio del Comune di Latina e della stretta collaborazione dell\u2019Associazione Sergio Ban.<\/p>\n<p style=\"text-align: justify;\">\n<div class=\"radio-posizionamento-telefono-in-articoli-dopo-il-contenuto-articolo radio-entity-placement\" id=\"radio-3901660975\"><div id=\"radio-522551605\"><a href=\"https:\/\/grupporedi.it\/\" aria-label=\"Redi-Qr\"><img loading=\"lazy\" decoding=\"async\" src=\"https:\/\/www.radioluna.it\/news\/wp-content\/uploads\/2026\/03\/Redi-Qr.jpg\" alt=\"\"  srcset=\"https:\/\/www.radioluna.it\/news\/wp-content\/uploads\/2026\/03\/Redi-Qr.jpg 800w, https:\/\/www.radioluna.it\/news\/wp-content\/uploads\/2026\/03\/Redi-Qr-768x639.jpg 768w\" sizes=\"(max-width: 800px) 100vw, 800px\" width=\"300\" height=\"250\"   \/><\/a><\/div><\/div>","protected":false},"excerpt":{"rendered":"<p>LATINA &#8211;\u00a0 Un fine settimana di eventi a ingresso gratuito con Polvere&amp;Ciliegia, OperaPrima, MFE e Forum Giovani Latina e con le Scorribande Popolari. E&#8217; quanto propone il cartellone di eventi Estate al Parco ideato dalla Cooperativa Sociale Il Quadrifoglio per l\u2019area verde al Lido di Latina completamente riqualificata. In Strada Pantelleria nei pressi di Foce [&hellip;]<\/p>\n","protected":false},"author":62,"featured_media":294563,"comment_status":"open","ping_status":"open","sticky":false,"template":"","format":"standard","meta":{"footnotes":""},"categories":[16],"tags":[],"class_list":["post-294562","post","type-post","status-publish","format-standard","has-post-thumbnail","hentry","category-appuntamenti"],"_links":{"self":[{"href":"https:\/\/www.radioluna.it\/news\/wp-json\/wp\/v2\/posts\/294562","targetHints":{"allow":["GET"]}}],"collection":[{"href":"https:\/\/www.radioluna.it\/news\/wp-json\/wp\/v2\/posts"}],"about":[{"href":"https:\/\/www.radioluna.it\/news\/wp-json\/wp\/v2\/types\/post"}],"author":[{"embeddable":true,"href":"https:\/\/www.radioluna.it\/news\/wp-json\/wp\/v2\/users\/62"}],"replies":[{"embeddable":true,"href":"https:\/\/www.radioluna.it\/news\/wp-json\/wp\/v2\/comments?post=294562"}],"version-history":[{"count":0,"href":"https:\/\/www.radioluna.it\/news\/wp-json\/wp\/v2\/posts\/294562\/revisions"}],"wp:featuredmedia":[{"embeddable":true,"href":"https:\/\/www.radioluna.it\/news\/wp-json\/wp\/v2\/media\/294563"}],"wp:attachment":[{"href":"https:\/\/www.radioluna.it\/news\/wp-json\/wp\/v2\/media?parent=294562"}],"wp:term":[{"taxonomy":"category","embeddable":true,"href":"https:\/\/www.radioluna.it\/news\/wp-json\/wp\/v2\/categories?post=294562"},{"taxonomy":"post_tag","embeddable":true,"href":"https:\/\/www.radioluna.it\/news\/wp-json\/wp\/v2\/tags?post=294562"}],"curies":[{"name":"wp","href":"https:\/\/api.w.org\/{rel}","templated":true}]}}