{"id":295061,"date":"2021-07-31T09:56:54","date_gmt":"2021-07-31T07:56:54","guid":{"rendered":"https:\/\/www.radioluna.it\/news\/?p=295061"},"modified":"2021-07-31T10:03:32","modified_gmt":"2021-07-31T08:03:32","slug":"sabaudia-da-saporetti-bambini-salvano-una-tartaruga-marina-lesemplare-al-cras-di-fogliano","status":"publish","type":"post","link":"https:\/\/www.radioluna.it\/news\/2021\/07\/sabaudia-da-saporetti-bambini-salvano-una-tartaruga-marina-lesemplare-al-cras-di-fogliano\/","title":{"rendered":"Sabaudia, da Saporetti bambini salvano una tartaruga marina. L&#8217;esemplare al Cras di Fogliano"},"content":{"rendered":"<div id=\"fb-root\"><\/div>\n<p style=\"text-align: justify;\"><strong>LATINA\u00a0 &#8211;<\/strong> Ha ingerito due ami che si sono agganciati nello stomaco, mentre una cima le si \u00e8 attorcigliata intorno al carapace e alle pinne. E\u2019 stata trovata cos\u00ec nelle acque di<strong> Sabaudia<\/strong> una <strong>tartaruga Caretta Caretta<\/strong>, salvata letteralmente da un gruppo di bambini che facevano il bagno nella zona dello stabilimento balneare<strong> Saporetti<\/strong>, proprio sotto il promontorio del Circeo. Incapace di muoversi, di nuotare e di nutrirsi, sarebbe certamente morta se i bagnanti non fossero intervenuti portandola a riva e segnalando l\u2019accaduto a una pattuglia del Comando stazione del <strong>Parco Nazionale del Circeo<\/strong> che ha attivato la rete<strong> Tartalazio<\/strong>. L\u2019esemplare \u00e8 stato quindi trasferito al<strong> Cras di Fogliano<\/strong>, il noto centro specializzato nel Recupero degli animali Selvatici, presso il <strong>Reparto Carabinieri per la Biodioversit\u00e0<\/strong>. Affidata nelle mani esperte del luogotenente<strong> Roberto Mayer<\/strong>, la tartaruga marina, dopo le prime cure, \u00e8 apparsa reattiva nonostante lo stato di sofferenza. Luned\u00ec sar\u00e0 trasferita presso la stazione zoologica di Napoli e operata dai veterinari del<strong> Centro Anton Dohrn.<\/strong><\/p>\n<div class=\"radio-posizionamento-telefono-in-articoli-dopo-il-contenuto-articolo radio-entity-placement\" id=\"radio-3919056401\"><div id=\"radio-3241148516\"><a href=\"https:\/\/grupporedi.it\/\" aria-label=\"Redi-Qr\"><img loading=\"lazy\" decoding=\"async\" src=\"https:\/\/www.radioluna.it\/news\/wp-content\/uploads\/2026\/03\/Redi-Qr.jpg\" alt=\"\"  srcset=\"https:\/\/www.radioluna.it\/news\/wp-content\/uploads\/2026\/03\/Redi-Qr.jpg 800w, https:\/\/www.radioluna.it\/news\/wp-content\/uploads\/2026\/03\/Redi-Qr-768x639.jpg 768w\" sizes=\"(max-width: 800px) 100vw, 800px\" width=\"300\" height=\"250\"   \/><\/a><\/div><\/div>","protected":false},"excerpt":{"rendered":"<p>LATINA\u00a0 &#8211; Ha ingerito due ami che si sono agganciati nello stomaco, mentre una cima le si \u00e8 attorcigliata intorno al carapace e alle pinne. E\u2019 stata trovata cos\u00ec nelle acque di Sabaudia una tartaruga Caretta Caretta, salvata letteralmente da un gruppo di bambini che facevano il bagno nella zona dello stabilimento balneare Saporetti, proprio [&hellip;]<\/p>\n","protected":false},"author":62,"featured_media":295062,"comment_status":"open","ping_status":"open","sticky":false,"template":"","format":"gallery","meta":{"footnotes":""},"categories":[12],"tags":[],"class_list":["post-295061","post","type-post","status-publish","format-gallery","has-post-thumbnail","hentry","category-ambiente","post_format-post-format-gallery"],"_links":{"self":[{"href":"https:\/\/www.radioluna.it\/news\/wp-json\/wp\/v2\/posts\/295061","targetHints":{"allow":["GET"]}}],"collection":[{"href":"https:\/\/www.radioluna.it\/news\/wp-json\/wp\/v2\/posts"}],"about":[{"href":"https:\/\/www.radioluna.it\/news\/wp-json\/wp\/v2\/types\/post"}],"author":[{"embeddable":true,"href":"https:\/\/www.radioluna.it\/news\/wp-json\/wp\/v2\/users\/62"}],"replies":[{"embeddable":true,"href":"https:\/\/www.radioluna.it\/news\/wp-json\/wp\/v2\/comments?post=295061"}],"version-history":[{"count":0,"href":"https:\/\/www.radioluna.it\/news\/wp-json\/wp\/v2\/posts\/295061\/revisions"}],"wp:featuredmedia":[{"embeddable":true,"href":"https:\/\/www.radioluna.it\/news\/wp-json\/wp\/v2\/media\/295062"}],"wp:attachment":[{"href":"https:\/\/www.radioluna.it\/news\/wp-json\/wp\/v2\/media?parent=295061"}],"wp:term":[{"taxonomy":"category","embeddable":true,"href":"https:\/\/www.radioluna.it\/news\/wp-json\/wp\/v2\/categories?post=295061"},{"taxonomy":"post_tag","embeddable":true,"href":"https:\/\/www.radioluna.it\/news\/wp-json\/wp\/v2\/tags?post=295061"}],"curies":[{"name":"wp","href":"https:\/\/api.w.org\/{rel}","templated":true}]}}