{"id":295189,"date":"2021-08-02T13:40:29","date_gmt":"2021-08-02T11:40:29","guid":{"rendered":"https:\/\/www.radioluna.it\/news\/?p=295189"},"modified":"2021-08-04T10:11:56","modified_gmt":"2021-08-04T08:11:56","slug":"latina-inaugurato-il-parco-giochi-delle-vele-ater-primo-passo-della-rigenerazione-urbana-del-quartiere","status":"publish","type":"post","link":"https:\/\/www.radioluna.it\/news\/2021\/08\/latina-inaugurato-il-parco-giochi-delle-vele-ater-primo-passo-della-rigenerazione-urbana-del-quartiere\/","title":{"rendered":"Latina, inaugurato il parco giochi delle Vele. Ater: &#8220;Primo passo della rigenerazione urbana del quartiere&#8221;"},"content":{"rendered":"<div id=\"fb-root\"><\/div>\n<p style=\"text-align: justify;\"><strong>LATINA &#8211; <\/strong>Un piccolo intervento che \u00e8 anche il primo tassello del gigantesco progetto di riqualificazione e rigenerazione urbana gi\u00e0 finanziato a Latina dal MIT con il bando Qualit\u00e0 dell&#8217;Abitare, destinato a cambiare radicalmente le Vele e non solo. Ha avuto questo significato la consegna, avvenuta questa mattina, di un&#8217;area giochi che ora \u00e8 a disposizione dei bambini, ma anche delle famiglie e degli anziani, con un campo di bocce su cui si sono simbolicamente sfidati l&#8217;assessore regionale alle politiche abitative, Massimiliano Valeriani e il sindaco di Latina Damiano Coletta e poi, il questore Michele Spina e il Presidente dell&#8217;Ater Marco Fioravante.<\/p>\n<p>&#8220;Consegniamo un intervento che cambia in parte la qualit\u00e0 della vita delle persone. Dove c&#8217;era un luogo degradato ora c&#8217;\u00e8 un parco attrezzato ed \u00e8 soltanto l&#8217;inizio perch\u00e9 qui avvieremo il pi\u00f9 grande programma di riqualificazione urbana e abbattere l&#8217;Ex Icos che ci ricorda ogni giorno quanto \u00e8 brutto vivere in un complesso degradato&#8221;, ha detto Valeriani<\/p>\n<audio class=\"wp-audio-shortcode\" id=\"audio-295189-1\" preload=\"none\" style=\"width: 100%;\" controls=\"controls\"><source type=\"audio\/mpeg\" src=\"https:\/\/www.radioluna.it\/news\/wp-content\/uploads\/2021\/08\/VALERIANI.mp3?_=1\" \/><a href=\"https:\/\/www.radioluna.it\/news\/wp-content\/uploads\/2021\/08\/VALERIANI.mp3\">https:\/\/www.radioluna.it\/news\/wp-content\/uploads\/2021\/08\/VALERIANI.mp3<\/a><\/audio>\n<p>&#8221; Ringrazio l&#8217;Ater e la Regione Lazio e anche la presenza del Questore oggi qui \u00e8 stata molto importante. Andiamo nella direzione della riqualificazione \u00a0di questo quartiere con il progetto Qualit\u00e0 dell&#8217;Abitare che porter\u00e0 qui importanti finanziamenti con un presidio di sicurezza, un presidio sanitario e un centro sociale&#8221;, ha voluto sottolineare il sindaco di Latina Damiano Coletta.<\/p>\n<audio class=\"wp-audio-shortcode\" id=\"audio-295189-2\" preload=\"none\" style=\"width: 100%;\" controls=\"controls\"><source type=\"audio\/mpeg\" src=\"https:\/\/www.radioluna.it\/news\/wp-content\/uploads\/2021\/08\/COLETTA-ATER.mp3?_=2\" \/><a href=\"https:\/\/www.radioluna.it\/news\/wp-content\/uploads\/2021\/08\/COLETTA-ATER.mp3\">https:\/\/www.radioluna.it\/news\/wp-content\/uploads\/2021\/08\/COLETTA-ATER.mp3<\/a><\/audio>\n<p style=\"text-align: justify;\">Il Questore di Latina Michele Spina ha lanciato un messaggio a tutte le famiglie perbene che vivono in un quartiere &#8220;etichettato&#8221; come criminale e che di questo soffrono: &#8220;Rilanciamo oggi il protocollo firmato dal questore De Matteis per la liberazione delle case occupate abusivamente. Le occupazioni abusive causano un doppio danno: privano della casa popolare persone che hanno maturato il diritto ad averla e pone le basi per trasformare il palazzo in un luogo di criminalit\u00e0&#8221;, ha detto.<\/p>\n<audio class=\"wp-audio-shortcode\" id=\"audio-295189-3\" preload=\"none\" style=\"width: 100%;\" controls=\"controls\"><source type=\"audio\/mpeg\" src=\"https:\/\/www.radioluna.it\/news\/wp-content\/uploads\/2021\/08\/questore-spina-Ater.mp3?_=3\" \/><a href=\"https:\/\/www.radioluna.it\/news\/wp-content\/uploads\/2021\/08\/questore-spina-Ater.mp3\">https:\/\/www.radioluna.it\/news\/wp-content\/uploads\/2021\/08\/questore-spina-Ater.mp3<\/a><\/audio>\n<p style=\"text-align: justify;\">&#8220;Chi occupava abusivamente gli alloggi ha dipinto questa zona come il regno dei delinquenti, degli spacciatori, ma non \u00e8 cos\u00ec. La presenza del Questore Spina \u00e8 il segno che le articolazioni dello Stato sono presenti per far vivere tutti pi\u00f9 sicuri&#8221;, ha detto il presidente dell&#8217;Ater di Latina Marco Fioravante.<\/p>\n<audio class=\"wp-audio-shortcode\" id=\"audio-295189-4\" preload=\"none\" style=\"width: 100%;\" controls=\"controls\"><source type=\"audio\/mpeg\" src=\"https:\/\/www.radioluna.it\/news\/wp-content\/uploads\/2021\/08\/FIORAVANTE.mp3?_=4\" \/><a href=\"https:\/\/www.radioluna.it\/news\/wp-content\/uploads\/2021\/08\/FIORAVANTE.mp3\">https:\/\/www.radioluna.it\/news\/wp-content\/uploads\/2021\/08\/FIORAVANTE.mp3<\/a><\/audio>\n<p>&nbsp;<\/p>\n","protected":false},"excerpt":{"rendered":"<p>LATINA &#8211; Un piccolo intervento che \u00e8 anche il primo tassello del gigantesco progetto di riqualificazione e rigenerazione urbana gi\u00e0 finanziato a Latina dal MIT con il bando Qualit\u00e0 dell&#8217;Abitare, destinato a cambiare radicalmente le Vele e non solo. Ha avuto questo significato la consegna, avvenuta questa mattina, di un&#8217;area giochi che ora \u00e8 a [&hellip;]<\/p>\n","protected":false},"author":62,"featured_media":295190,"comment_status":"open","ping_status":"open","sticky":false,"template":"","format":"gallery","meta":{"footnotes":""},"categories":[735],"tags":[],"class_list":["post-295189","post","type-post","status-publish","format-gallery","has-post-thumbnail","hentry","category-attualita","post_format-post-format-gallery"],"_links":{"self":[{"href":"https:\/\/www.radioluna.it\/news\/wp-json\/wp\/v2\/posts\/295189","targetHints":{"allow":["GET"]}}],"collection":[{"href":"https:\/\/www.radioluna.it\/news\/wp-json\/wp\/v2\/posts"}],"about":[{"href":"https:\/\/www.radioluna.it\/news\/wp-json\/wp\/v2\/types\/post"}],"author":[{"embeddable":true,"href":"https:\/\/www.radioluna.it\/news\/wp-json\/wp\/v2\/users\/62"}],"replies":[{"embeddable":true,"href":"https:\/\/www.radioluna.it\/news\/wp-json\/wp\/v2\/comments?post=295189"}],"version-history":[{"count":0,"href":"https:\/\/www.radioluna.it\/news\/wp-json\/wp\/v2\/posts\/295189\/revisions"}],"wp:featuredmedia":[{"embeddable":true,"href":"https:\/\/www.radioluna.it\/news\/wp-json\/wp\/v2\/media\/295190"}],"wp:attachment":[{"href":"https:\/\/www.radioluna.it\/news\/wp-json\/wp\/v2\/media?parent=295189"}],"wp:term":[{"taxonomy":"category","embeddable":true,"href":"https:\/\/www.radioluna.it\/news\/wp-json\/wp\/v2\/categories?post=295189"},{"taxonomy":"post_tag","embeddable":true,"href":"https:\/\/www.radioluna.it\/news\/wp-json\/wp\/v2\/tags?post=295189"}],"curies":[{"name":"wp","href":"https:\/\/api.w.org\/{rel}","templated":true}]}}