{"id":295500,"date":"2021-08-07T11:05:48","date_gmt":"2021-08-07T09:05:48","guid":{"rendered":"https:\/\/www.radioluna.it\/news\/?p=295500"},"modified":"2021-08-07T11:05:48","modified_gmt":"2021-08-07T09:05:48","slug":"top-volley-si-ricomincia-a-cisterna-con-fabio-soli-al-comando","status":"publish","type":"post","link":"https:\/\/www.radioluna.it\/news\/2021\/08\/top-volley-si-ricomincia-a-cisterna-con-fabio-soli-al-comando\/","title":{"rendered":"Top Volley, si ricomincia a Cisterna con Fabio Soli al comando"},"content":{"rendered":"<div id=\"fb-root\"><\/div>\n<p style=\"text-align: justify;\"><strong>LATINA<\/strong> &#8211; Con Fabio Soli al comando, la Top Volley Cisterna \u00e8 pronta a rimettersi in moto. La squadra arriver\u00e0 a Cisterna nella serata di domani (domenica 8 agosto) e il raduno \u00e8 fissato il giorno successivo nel palazzetto dello sport di via delle Province. &#8220;Ci sar\u00e0 la consegna del materiale ai giocatori, con la conferma dello sponsor tecnico, Joma e nel pomeriggio, sempre di luned\u00ec, \u00e8 prevista una seduta di pesi presso l&#8217;Azzurra Fitness Club di Cisterna. Luned\u00ec sera, poi, la squadra, lo staff tecnico e dirigenziale sar\u00e0 a cena presso il Leolo Beach Club sul lungomare di Latina a Foce Verde. Marted\u00ec mattina (10 agosto) le visite mediche allo \u201cStema Fisiolab\u201d, spiegano dalla societ\u00e0 sportiva.<\/p>\n<p style=\"text-align: justify;\">Una squadra, la Top Volley Cisterna, ricostruita, \u00e8 proprio il caso di dirlo, dopo la deludente stagione passata. E&#8217; scoccata la scintilla tra il nuovo allenatore Fabio Soli e il Direttore Sportivo, Candido Grande che hanno condotto la campagna acquisti: &#8220;Siamo pronti a dire la nostra in quello che, tanto per cambiare, sar\u00e0 un campionato molto difficile, ma al tempo stesso estremamente equilibrato per quanto riguarda la seconda fascia, quella subito sotto le &#8216;quattro sorelle&#8217; di questa Superlega. Non vedo l&#8217;ora di iniziare, il morale \u00e8 altissimo e la voglia di rimettermi subito in gioco, davvero tanta. Abbiamo \u2013 ha detto Soli \u2013 cercato di costruire una squadra fatta di giocatori che, come me, hanno voglia non solo di costruire qualcosa di importante, ma di sfruttare al meglio una chance importantissima per loro. Il tutto seguendo le linee guida di una societ\u00e0 che se dopo tanti anni \u00e8 ancora ad altissimi livelli in Superlega, un motivo ci sar\u00e0. Siamo pronti, non vediamo l&#8217;ora di iniziare\u201d.<\/p>\n<p style=\"font-weight: 400;\">\n","protected":false},"excerpt":{"rendered":"<p>LATINA &#8211; Con Fabio Soli al comando, la Top Volley Cisterna \u00e8 pronta a rimettersi in moto. La squadra arriver\u00e0 a Cisterna nella serata di domani (domenica 8 agosto) e il raduno \u00e8 fissato il giorno successivo nel palazzetto dello sport di via delle Province. &#8220;Ci sar\u00e0 la consegna del materiale ai giocatori, con la [&hellip;]<\/p>\n","protected":false},"author":60,"featured_media":295501,"comment_status":"open","ping_status":"open","sticky":false,"template":"","format":"standard","meta":{"footnotes":""},"categories":[17],"tags":[],"class_list":["post-295500","post","type-post","status-publish","format-standard","has-post-thumbnail","hentry","category-sport"],"_links":{"self":[{"href":"https:\/\/www.radioluna.it\/news\/wp-json\/wp\/v2\/posts\/295500","targetHints":{"allow":["GET"]}}],"collection":[{"href":"https:\/\/www.radioluna.it\/news\/wp-json\/wp\/v2\/posts"}],"about":[{"href":"https:\/\/www.radioluna.it\/news\/wp-json\/wp\/v2\/types\/post"}],"author":[{"embeddable":true,"href":"https:\/\/www.radioluna.it\/news\/wp-json\/wp\/v2\/users\/60"}],"replies":[{"embeddable":true,"href":"https:\/\/www.radioluna.it\/news\/wp-json\/wp\/v2\/comments?post=295500"}],"version-history":[{"count":0,"href":"https:\/\/www.radioluna.it\/news\/wp-json\/wp\/v2\/posts\/295500\/revisions"}],"wp:featuredmedia":[{"embeddable":true,"href":"https:\/\/www.radioluna.it\/news\/wp-json\/wp\/v2\/media\/295501"}],"wp:attachment":[{"href":"https:\/\/www.radioluna.it\/news\/wp-json\/wp\/v2\/media?parent=295500"}],"wp:term":[{"taxonomy":"category","embeddable":true,"href":"https:\/\/www.radioluna.it\/news\/wp-json\/wp\/v2\/categories?post=295500"},{"taxonomy":"post_tag","embeddable":true,"href":"https:\/\/www.radioluna.it\/news\/wp-json\/wp\/v2\/tags?post=295500"}],"curies":[{"name":"wp","href":"https:\/\/api.w.org\/{rel}","templated":true}]}}