{"id":295548,"date":"2021-08-07T20:26:53","date_gmt":"2021-08-07T18:26:53","guid":{"rendered":"https:\/\/www.radioluna.it\/news\/?p=295548"},"modified":"2021-08-12T13:43:43","modified_gmt":"2021-08-12T11:43:43","slug":"il-latina-calcio-1932-e-in-serie-c-il-presidente-terracciano-stiamo-gia-lavorando","status":"publish","type":"post","link":"https:\/\/www.radioluna.it\/news\/2021\/08\/il-latina-calcio-1932-e-in-serie-c-il-presidente-terracciano-stiamo-gia-lavorando\/","title":{"rendered":"Il Latina Calcio 1932 \u00e8 in serie C. Il presidente Terracciano: &#8220;Stiamo gi\u00e0 lavorando&#8221;"},"content":{"rendered":"<div id=\"fb-root\"><\/div>\n<p style=\"text-align: justify;\">LATINA &#8211; Con il comunicato ufficiale n. 52\/A del 07 agosto 2021 la Federazione Italiana Gioco Calcio ha integrato gli organici di serie C, concedendo la relativa licenza del campionato professionistico al Latina Calcio 1932 per il campionato della stagione 2021\/22 e di ammettere la societ\u00e0 nerazzurra alla partecipazione del medesimo campionato. Era attesa da giorni la notizia in piazzale Prampolini, proprio in virt\u00f9 della ulteriore graduatoria pubblicata il 4 agosto sul sito federale. Graduatoria che indicava il Latina Calcio 1932 come prima societ\u00e0 per integrare gli organici di serie C della nuova stagione sportiva.<br \/>\nSolo oggi sul sito federale \u00e8 stato pubblicato il relativo comunicato Ufficiale di ammissione al campionato di serie C e che permetter\u00e0 ora al presidente Terracciano di avviare tutte le attivit\u00e0 per il tesseramento del mister e dei giocatori e per preparare in breve tempo il ritorno nel professionismo, spiegano in una nota dalla societ\u00e0 sportiva.<br \/>\n\u201cAbbiamo gi\u00e0 iniziato a lavorare da alcune settimane \u2013 ha spiegato il presidente Terracciano &#8211; ma questi ritardi federali hanno comportato un ritardo anche nella nostra preparazione e nella composizione della squadra perch\u00e9 non potevamo stipulare i relativi contratti in mancanza di ufficialit\u00e0. Saranno giorni intensi e che passeremo al lavoro per regalare alla piazza, alla tifoseria e alla citt\u00e0 tutta un organico competitivo ed in grado di riportare il giusto entusiasmo per i nostri colori nerazzurri\u201d.<br \/>\nGli aspetti della nuova stagione sportiva saranno chiariti durante la conferenza stampa della societ\u00e0 programmata per marted\u00ec 10 agosto 2021 ore 17,30 a cui i colleghi giornalisti sono invitati a partecipare nei modi e nei tempi che saranno indicati nei prossimi giorni.<\/p>\n<p style=\"text-align: justify;\">Grande soddisfazione \u00e8 stata espressa dal sindaco di Latina Damiano Coletta. &#8220;Il ripescaggio del Latina 1932 in serie C \u00e8 motivo di grande soddisfazione personale e di tutta l\u2019Amministrazione comunale. Abbiamo supportato fin dalle prime battute la volont\u00e0 del sodalizio presieduto da Antonio Terracciano di richiedere il ritorno tra i professionisti. Un lavoro svolto in sordina dai nostri uffici, che hanno garantito al sodalizio calcistico gli atti necessari a supportare al meglio la loro azione.<br \/>\nPersonalmente attraverso la continua interlocuzione con la Lega Pro ho seguito da vicino il cammino della domanda del Latina Calcio 1932, fino all\u2019attesa ufficializzazione odierna. Un lavoro, quello dell\u2019Amministrazione comunale, che gi\u00e0 qualche settimana fa aveva portato all\u2019importante risultato dell\u2019ottenimento della agibilit\u00e0 dello Stadio \u201cDomenico Francioni\u201d, una certificazione che mancava da tempo alla pi\u00f9 grande struttura sportiva della citt\u00e0.<br \/>\nIl ringraziamento e i complimenti per il ritorno in serie C\u00a0 vanno al Presidente Antonio Terracciano, al suo vice Pino D\u2019Apuzzo, a tutta la compagine societaria. Il Latina Calcio 1932, per la cui costituzione mi sono speso molto nell\u2019estate del 2017 con l\u2019unico obiettivo di riportare il calcio a Latina, in questi anni pur tra tante difficolt\u00e0 \u00e8 riuscito a riconquistare credibilit\u00e0 e fiducia in campo nazionale, divenendo un interlocutore credibile e affidabile per i vertici della Lega Pro. Un lavoro che in questo momento riceve un riconoscimento di spessore, di innegabile valenza sportiva.<br \/>\nAuguro al Latina Calcio 1932 che il traguardo di oggi, per quanto importante, sia soltanto la prima tappa di una stagione di successi e soddisfazioni sul terreno di gioco, e non solo&#8221;.<\/p>\n","protected":false},"excerpt":{"rendered":"<p>LATINA &#8211; Con il comunicato ufficiale n. 52\/A del 07 agosto 2021 la Federazione Italiana Gioco Calcio ha integrato gli organici di serie C, concedendo la relativa licenza del campionato professionistico al Latina Calcio 1932 per il campionato della stagione 2021\/22 e di ammettere la societ\u00e0 nerazzurra alla partecipazione del medesimo campionato. Era attesa da [&hellip;]<\/p>\n","protected":false},"author":5430,"featured_media":233591,"comment_status":"open","ping_status":"open","sticky":false,"template":"","format":"standard","meta":{"footnotes":""},"categories":[17],"tags":[],"class_list":["post-295548","post","type-post","status-publish","format-standard","has-post-thumbnail","hentry","category-sport"],"_links":{"self":[{"href":"https:\/\/www.radioluna.it\/news\/wp-json\/wp\/v2\/posts\/295548","targetHints":{"allow":["GET"]}}],"collection":[{"href":"https:\/\/www.radioluna.it\/news\/wp-json\/wp\/v2\/posts"}],"about":[{"href":"https:\/\/www.radioluna.it\/news\/wp-json\/wp\/v2\/types\/post"}],"author":[{"embeddable":true,"href":"https:\/\/www.radioluna.it\/news\/wp-json\/wp\/v2\/users\/5430"}],"replies":[{"embeddable":true,"href":"https:\/\/www.radioluna.it\/news\/wp-json\/wp\/v2\/comments?post=295548"}],"version-history":[{"count":0,"href":"https:\/\/www.radioluna.it\/news\/wp-json\/wp\/v2\/posts\/295548\/revisions"}],"wp:featuredmedia":[{"embeddable":true,"href":"https:\/\/www.radioluna.it\/news\/wp-json\/wp\/v2\/media\/233591"}],"wp:attachment":[{"href":"https:\/\/www.radioluna.it\/news\/wp-json\/wp\/v2\/media?parent=295548"}],"wp:term":[{"taxonomy":"category","embeddable":true,"href":"https:\/\/www.radioluna.it\/news\/wp-json\/wp\/v2\/categories?post=295548"},{"taxonomy":"post_tag","embeddable":true,"href":"https:\/\/www.radioluna.it\/news\/wp-json\/wp\/v2\/tags?post=295548"}],"curies":[{"name":"wp","href":"https:\/\/api.w.org\/{rel}","templated":true}]}}