{"id":295674,"date":"2021-08-11T10:31:40","date_gmt":"2021-08-11T08:31:40","guid":{"rendered":"https:\/\/www.radioluna.it\/news\/?p=295674"},"modified":"2021-08-15T18:23:26","modified_gmt":"2021-08-15T16:23:26","slug":"giuseppe-marzano-e-il-presidente-del-parco-nazionale-del-circeo","status":"publish","type":"post","link":"https:\/\/www.radioluna.it\/news\/2021\/08\/giuseppe-marzano-e-il-presidente-del-parco-nazionale-del-circeo\/","title":{"rendered":"Giuseppe Marzano \u00e8 il presidente del Parco Nazionale del Circeo"},"content":{"rendered":"<div id=\"fb-root\"><\/div>\n<p style=\"text-align: justify;\"><strong>SABAUDIA &#8211;<\/strong>\u00a0 Nel <strong>Parco nazionale del Circeo<\/strong> molti anni fa ha fatto la guida, imparando a conoscerne anche gli angoli pi\u00f9 remoti, poi la carriera lo ha portato a rivestire ruoli via via pi\u00f9 importanti e qualche giorno fa \u00e8 arrivata\u00a0 la nomina\u00a0 a <b>presidente<\/b>\u00a0del\u00a0<b>Parco<\/b><strong>\u00a0Nazionale<\/strong> del\u00a0<b>Circeo <\/b>per <strong>Giuseppe Marzano, <\/strong>nato e residente a<strong> Fondi, <\/strong>attuale <strong>direttore di area tecnica dell&#8217;Ente Regionale Parco dei Monti Aurunci.<\/strong> A dare ufficialit\u00e0 \u00e8 stato il decreto del <strong>Ministero della Transizione Ecologica<\/strong> n. 330 del 6 agosto.<\/p>\n<p style=\"text-align: justify;\">L&#8217;area protetta pi\u00f9 importante del territorio provinciale di Latina era senza guida dal giorno delle dimissioni del generale\u00a0 Antonio Ricciardi arrivate a marzo scorso. Resta ora da nominare il direttore dell&#8217;Ente che sar\u00e0 scelto tra l&#8217;ex Paolo Cassola, Carlo Bifulco e Alfonso Calzolaio. La scelta spetta anche questa volta al Ministero.<\/p>\n","protected":false},"excerpt":{"rendered":"<p>SABAUDIA &#8211;\u00a0 Nel Parco nazionale del Circeo molti anni fa ha fatto la guida, imparando a conoscerne anche gli angoli pi\u00f9 remoti, poi la carriera lo ha portato a rivestire ruoli via via pi\u00f9 importanti e qualche giorno fa \u00e8 arrivata\u00a0 la nomina\u00a0 a presidente\u00a0del\u00a0Parco\u00a0Nazionale del\u00a0Circeo per Giuseppe Marzano, nato e residente a Fondi, attuale [&hellip;]<\/p>\n","protected":false},"author":62,"featured_media":295676,"comment_status":"open","ping_status":"open","sticky":false,"template":"","format":"standard","meta":{"footnotes":""},"categories":[12],"tags":[],"class_list":["post-295674","post","type-post","status-publish","format-standard","has-post-thumbnail","hentry","category-ambiente"],"_links":{"self":[{"href":"https:\/\/www.radioluna.it\/news\/wp-json\/wp\/v2\/posts\/295674","targetHints":{"allow":["GET"]}}],"collection":[{"href":"https:\/\/www.radioluna.it\/news\/wp-json\/wp\/v2\/posts"}],"about":[{"href":"https:\/\/www.radioluna.it\/news\/wp-json\/wp\/v2\/types\/post"}],"author":[{"embeddable":true,"href":"https:\/\/www.radioluna.it\/news\/wp-json\/wp\/v2\/users\/62"}],"replies":[{"embeddable":true,"href":"https:\/\/www.radioluna.it\/news\/wp-json\/wp\/v2\/comments?post=295674"}],"version-history":[{"count":0,"href":"https:\/\/www.radioluna.it\/news\/wp-json\/wp\/v2\/posts\/295674\/revisions"}],"wp:featuredmedia":[{"embeddable":true,"href":"https:\/\/www.radioluna.it\/news\/wp-json\/wp\/v2\/media\/295676"}],"wp:attachment":[{"href":"https:\/\/www.radioluna.it\/news\/wp-json\/wp\/v2\/media?parent=295674"}],"wp:term":[{"taxonomy":"category","embeddable":true,"href":"https:\/\/www.radioluna.it\/news\/wp-json\/wp\/v2\/categories?post=295674"},{"taxonomy":"post_tag","embeddable":true,"href":"https:\/\/www.radioluna.it\/news\/wp-json\/wp\/v2\/tags?post=295674"}],"curies":[{"name":"wp","href":"https:\/\/api.w.org\/{rel}","templated":true}]}}