{"id":295706,"date":"2021-08-11T14:55:16","date_gmt":"2021-08-11T12:55:16","guid":{"rendered":"https:\/\/www.radioluna.it\/news\/?p=295706"},"modified":"2021-08-12T10:44:11","modified_gmt":"2021-08-12T08:44:11","slug":"passeggiare-lungo-il-canale-delle-acque-medie-isotton-qui-sorgera-il-parco-naturale-urbano-di-latina","status":"publish","type":"post","link":"https:\/\/www.radioluna.it\/news\/2021\/08\/passeggiare-lungo-il-canale-delle-acque-medie-isotton-qui-sorgera-il-parco-naturale-urbano-di-latina\/","title":{"rendered":"Passeggiare lungo il canale delle Acque Medie. Isotton: &#8220;Qui sorger\u00e0 il parco naturale urbano di Latina&#8221;"},"content":{"rendered":"<div id=\"fb-root\"><\/div>\n<p style=\"text-align: justify;\"><strong><img loading=\"lazy\" decoding=\"async\" class=\"aligncenter size-full wp-image-295708\" src=\"https:\/\/www.radioluna.it\/news\/wp-content\/uploads\/2021\/08\/CANALE.jpg\" alt=\"\" width=\"1352\" height=\"640\" srcset=\"https:\/\/www.radioluna.it\/news\/wp-content\/uploads\/2021\/08\/CANALE.jpg 1352w, https:\/\/www.radioluna.it\/news\/wp-content\/uploads\/2021\/08\/CANALE-768x364.jpg 768w\" sizes=\"auto, (max-width: 1352px) 100vw, 1352px\" \/>LATINA &#8211;\u00a0 <\/strong>Una passeggiata lungo le sponde del Canale delle Acque Medie (nell&#8217;ultimo tratto Rio Martino), in un ambiente ricco di biodiversit\u00e0. L&#8217;escursione \u00e8 in programma <strong>gioved\u00ec 12 agosto dalle 8,30<\/strong> (e fino alle 10), lungo un percorso che partendo dalla fine di Monte Lupone, nel quartiere <strong>Gionchetto<\/strong>, dove si trova la fattoria didattica &#8220;Ringrazio.Prego.Dono&#8221; arriva al ponte di Via del Saraceno. Obiettivo: &#8220;Cominciare a gustare l&#8217;idea di istituire <a href=\"https:\/\/www.radioluna.it\/news\/2021\/08\/latina-dice-si-al-parco-naturale-urbano-acque-medie-mozione-approvata\/\">il <strong>Parco Naturale delle Acque Medie<\/strong><\/a>&#8220;, spiega la consigliera di Latina Bene Comune e presidente della<strong> Commissione Ambiente<\/strong> del Comune,<strong> Loretta Isotton<\/strong>.<img loading=\"lazy\" decoding=\"async\" class=\"wp-image-295728 alignleft\" src=\"https:\/\/www.radioluna.it\/news\/wp-content\/uploads\/2021\/08\/Loretta-Isotton.jpeg\" alt=\"\" width=\"294\" height=\"194\" srcset=\"https:\/\/www.radioluna.it\/news\/wp-content\/uploads\/2021\/08\/Loretta-Isotton.jpeg 1536w, https:\/\/www.radioluna.it\/news\/wp-content\/uploads\/2021\/08\/Loretta-Isotton-768x506.jpeg 768w\" sizes=\"auto, (max-width: 294px) 100vw, 294px\" \/><\/p>\n<p style=\"text-align: justify;\">&#8220;Uno step alla volta impariamo a conoscere e vivere il territorio e a valorizzarlo&#8221;, ha spiegato su<strong> Radio Immagine<\/strong> raccontandoci passo passo questo suggestivo percorso sui cui passano ben sei ponti, cambiato oggi significativamente.\u00a0 &#8220;Abbiamo una responsabilit\u00e0, quell&#8217;habitat ricco di uccelli, con le acque che arrivano da Ninfa abitate da tanti pesci, va tutelato e reso fruibile&#8221;. Alcuni nel quartiere si sono gi\u00e0 dati da fare per prendersene cura. Un percorso partito da Puliamo il Mondo 2020.<\/p>\n<p>ascolta<\/p>\n<audio class=\"wp-audio-shortcode\" id=\"audio-295706-1\" preload=\"none\" style=\"width: 100%;\" controls=\"controls\"><source type=\"audio\/mpeg\" src=\"https:\/\/www.radioluna.it\/news\/wp-content\/uploads\/2021\/08\/loretta-isotton.mp3?_=1\" \/><a href=\"https:\/\/www.radioluna.it\/news\/wp-content\/uploads\/2021\/08\/loretta-isotton.mp3\">https:\/\/www.radioluna.it\/news\/wp-content\/uploads\/2021\/08\/loretta-isotton.mp3<\/a><\/audio>\n","protected":false},"excerpt":{"rendered":"<p>LATINA &#8211;\u00a0 Una passeggiata lungo le sponde del Canale delle Acque Medie (nell&#8217;ultimo tratto Rio Martino), in un ambiente ricco di biodiversit\u00e0. L&#8217;escursione \u00e8 in programma gioved\u00ec 12 agosto dalle 8,30 (e fino alle 10), lungo un percorso che partendo dalla fine di Monte Lupone, nel quartiere Gionchetto, dove si trova la fattoria didattica &#8220;Ringrazio.Prego.Dono&#8221; [&hellip;]<\/p>\n","protected":false},"author":62,"featured_media":295709,"comment_status":"open","ping_status":"open","sticky":false,"template":"","format":"standard","meta":{"footnotes":""},"categories":[12],"tags":[],"class_list":["post-295706","post","type-post","status-publish","format-standard","has-post-thumbnail","hentry","category-ambiente"],"_links":{"self":[{"href":"https:\/\/www.radioluna.it\/news\/wp-json\/wp\/v2\/posts\/295706","targetHints":{"allow":["GET"]}}],"collection":[{"href":"https:\/\/www.radioluna.it\/news\/wp-json\/wp\/v2\/posts"}],"about":[{"href":"https:\/\/www.radioluna.it\/news\/wp-json\/wp\/v2\/types\/post"}],"author":[{"embeddable":true,"href":"https:\/\/www.radioluna.it\/news\/wp-json\/wp\/v2\/users\/62"}],"replies":[{"embeddable":true,"href":"https:\/\/www.radioluna.it\/news\/wp-json\/wp\/v2\/comments?post=295706"}],"version-history":[{"count":0,"href":"https:\/\/www.radioluna.it\/news\/wp-json\/wp\/v2\/posts\/295706\/revisions"}],"wp:featuredmedia":[{"embeddable":true,"href":"https:\/\/www.radioluna.it\/news\/wp-json\/wp\/v2\/media\/295709"}],"wp:attachment":[{"href":"https:\/\/www.radioluna.it\/news\/wp-json\/wp\/v2\/media?parent=295706"}],"wp:term":[{"taxonomy":"category","embeddable":true,"href":"https:\/\/www.radioluna.it\/news\/wp-json\/wp\/v2\/categories?post=295706"},{"taxonomy":"post_tag","embeddable":true,"href":"https:\/\/www.radioluna.it\/news\/wp-json\/wp\/v2\/tags?post=295706"}],"curies":[{"name":"wp","href":"https:\/\/api.w.org\/{rel}","templated":true}]}}