{"id":295723,"date":"2021-08-12T07:22:50","date_gmt":"2021-08-12T05:22:50","guid":{"rendered":"https:\/\/www.radioluna.it\/news\/?p=295723"},"modified":"2021-08-12T07:22:50","modified_gmt":"2021-08-12T05:22:50","slug":"latina-dice-si-al-parco-naturale-urbano-acque-medie-mozione-approvata","status":"publish","type":"post","link":"https:\/\/www.radioluna.it\/news\/2021\/08\/latina-dice-si-al-parco-naturale-urbano-acque-medie-mozione-approvata\/","title":{"rendered":"Latina dice s\u00ec al Parco naturale urbano Acque Medie: mozione approvata"},"content":{"rendered":"<div id=\"fb-root\"><\/div>\n<p style=\"text-align: justify;\"><strong>LATINA &#8211;<\/strong>\u00a0Il Parco naturale urbano del Canale delle Acque Medie diventer\u00e0 realt\u00e0. \u00c8 stata infatti approvata in consiglio comunale, nei giorni scorsi, la mozione promossa dalla consigliera Loretta Isotton con i consiglieri Gianni Rinaldi ed Emanuele Di Russo, per l\u2019istituzione del parco al fine di valorizzare l\u2019area recentemente recuperata grazie alla grande collaborazione tra amministrazione e cittadini: il parco \u00e8 riemerso ed apparso in tutta la sua bellezza, a dispetto dell\u2019ambiente poco vissuto e spesso malfamato che era.<\/p>\n<p style=\"text-align: justify;\">Oggi ci sar\u00e0 <a href=\"https:\/\/www.radioluna.it\/news\/2021\/08\/passeggiare-lungo-il-canale-delle-acque-medie-isotton-qui-sorgera-il-parco-naturale-urbano-di-latina\/\">la prima passeggiata dopo l\u2019approvazione in Consiglio della mozione. L\u2019appuntamento \u00e8 quindi per gioved\u00ec 12 agosto<\/a> alle 8:30 alla fine di Via Monte Lupone, nel quartiere di Gionchetto, dove inizia il sentiero. Alle 9:00 ci sar\u00e0 anche il sindaco Damiano Coletta.<\/p>\n<p style=\"text-align: justify;\">\u201cUno step alla volta impariamo a conoscere il territorio e a valorizzarlo \u2013 commenta la consigliera Isotton \u2013 L\u2019istituzione di questo parco fluviale \u00e8 un\u2019operazione di riqualificazione urbana dalle lunghe prospettive, sostenuta dalle richieste dei cittadini e dalle molteplici associazioni che si aggiunge agli spazi gi\u00e0 valorizzati come Piazza Ilaria Alpi, il Parco San Marco, il Parco Vasco da Gama, l&#8217;Oasi Verde Susetta Guerrini. Il Parco naturale urbano delle Acque Medie si inserisce in una visione di fruizione del territorio consapevole e rispettosa. Istituire questo parco significa proteggere di pi\u00f9 le acque da sversamenti anomali, impedire abbandoni di rifiuti o materiali di risulta che spesso vi abbiamo trovato abbandonati.<\/p>\n<p style=\"text-align: justify;\">Ora si deve passare alle fasi successive in cui verranno coinvolti gli altri enti che governano il territorio, consorzio di Bonifica, Provincia, Acqualatina, i Carabinieri Forestali della Biodiversit\u00e0 di Fogliano, la Regione e le associazioni che hanno sostenuto l&#8217;idea: l&#8217;associazione Pantanaccio, la Fattoria Didattica R.P. D, il maneggio Cristallo, Legambiente, Lipu, gli Alpini, I comitati di quartiere Latina Nord, il comitato territoriale Latina Est, Bici x Umanit\u00e0. L&#8217;Urban Center \u00e8 stato proposto come coordinatore per il progetto e per immaginare una perimetrazione dal ponte su Via del Saraceno al ponte su Via San Francesco, includendo quelle realt\u00e0 pi\u00f9 vicine al corso d&#8217;acqua che potrebbero partecipare come stakeholder\u201d.<\/p>\n","protected":false},"excerpt":{"rendered":"<p>LATINA &#8211;\u00a0Il Parco naturale urbano del Canale delle Acque Medie diventer\u00e0 realt\u00e0. \u00c8 stata infatti approvata in consiglio comunale, nei giorni scorsi, la mozione promossa dalla consigliera Loretta Isotton con i consiglieri Gianni Rinaldi ed Emanuele Di Russo, per l\u2019istituzione del parco al fine di valorizzare l\u2019area recentemente recuperata grazie alla grande collaborazione tra amministrazione [&hellip;]<\/p>\n","protected":false},"author":60,"featured_media":295725,"comment_status":"open","ping_status":"open","sticky":false,"template":"","format":"standard","meta":{"footnotes":""},"categories":[2403],"tags":[],"class_list":["post-295723","post","type-post","status-publish","format-standard","has-post-thumbnail","hentry","category-le-cose-in-comune"],"_links":{"self":[{"href":"https:\/\/www.radioluna.it\/news\/wp-json\/wp\/v2\/posts\/295723","targetHints":{"allow":["GET"]}}],"collection":[{"href":"https:\/\/www.radioluna.it\/news\/wp-json\/wp\/v2\/posts"}],"about":[{"href":"https:\/\/www.radioluna.it\/news\/wp-json\/wp\/v2\/types\/post"}],"author":[{"embeddable":true,"href":"https:\/\/www.radioluna.it\/news\/wp-json\/wp\/v2\/users\/60"}],"replies":[{"embeddable":true,"href":"https:\/\/www.radioluna.it\/news\/wp-json\/wp\/v2\/comments?post=295723"}],"version-history":[{"count":0,"href":"https:\/\/www.radioluna.it\/news\/wp-json\/wp\/v2\/posts\/295723\/revisions"}],"wp:featuredmedia":[{"embeddable":true,"href":"https:\/\/www.radioluna.it\/news\/wp-json\/wp\/v2\/media\/295725"}],"wp:attachment":[{"href":"https:\/\/www.radioluna.it\/news\/wp-json\/wp\/v2\/media?parent=295723"}],"wp:term":[{"taxonomy":"category","embeddable":true,"href":"https:\/\/www.radioluna.it\/news\/wp-json\/wp\/v2\/categories?post=295723"},{"taxonomy":"post_tag","embeddable":true,"href":"https:\/\/www.radioluna.it\/news\/wp-json\/wp\/v2\/tags?post=295723"}],"curies":[{"name":"wp","href":"https:\/\/api.w.org\/{rel}","templated":true}]}}