{"id":295733,"date":"2021-08-12T07:38:07","date_gmt":"2021-08-12T05:38:07","guid":{"rendered":"https:\/\/www.radioluna.it\/news\/?p=295733"},"modified":"2021-08-13T09:19:03","modified_gmt":"2021-08-13T07:19:03","slug":"latina-calcio-1932-mister-di-donato-firma-e-si-presenta-con-bedetti-e-albarella","status":"publish","type":"post","link":"https:\/\/www.radioluna.it\/news\/2021\/08\/latina-calcio-1932-mister-di-donato-firma-e-si-presenta-con-bedetti-e-albarella\/","title":{"rendered":"Latina Calcio 1932, mister Di Donato firma e si presenta con Bedetti e Albarella"},"content":{"rendered":"<div id=\"fb-root\"><\/div>\n<p style=\"text-align: justify;\"><strong>LATINA<\/strong> &#8211; Il <strong>Latina Calcio 1932<\/strong> ha ufficializzato l\u2019arrivo del tecnico <strong>Daniele Di Donato<\/strong>. Il nuovo allenatore nerazzurro ha sottoscritto il contratto che lo legher\u00e0 al club pontino e oggi gioved\u00ec 12 agosto, alle 15 presso la <strong>sala stampa \u2018Amodio\u2019<\/strong> dello stadio <strong>Francion<\/strong>i, si terr\u00e0 la conferenza stampa di presentazione del mister scelto per il primo campionato in Serie C. Insieme a mister Di Donato sar\u00e0 presente lo staff tecnico: il vice <strong>Daniele Bedetti e Nicola Albarella<\/strong>, riconfermato in qualit\u00e0 di preparatore atletico. il preparatore dei portieri invece \u00e8 in fase di definizione e nelle prossime ore sar\u00e0 contrattualizzato.<\/p>\n<p style=\"text-align: justify;\">Di Donato sar\u00e0 in panchina per il primo impegno ufficiale del Latina Calcio 1932, sabato 21 agosto nella sfida di Coppa Italia a eliminazione diretta che si giocher\u00e0 a Torre del Greco contro la Turris. Una settimana pi\u00f9 tardi l\u2019esordio in campionato a Palermo, proprio contro una delle formazioni in cui Di Donato ha militato da calciatore, dalla stagione 2000\/2001 a quella 2003\/2004.<\/p>\n<p style=\"text-align: justify;\">Ufficializzato anche il primo acquisto del Latina Calcio 1932 per la stagione 2021\/2022 \u00e8 invece<strong> Andrea Tessiore<\/strong>. Il club nerazzurro \u00e8 riuscito a superare la concorrenza di diverse societ\u00e0, assicurandosi le prestazioni del giovane centrocampista classe 1999 della Sampdoria.<\/p>\n<p style=\"text-align: justify;\"><strong>CHI SONO\u00a0<\/strong> &#8211; L\u2019allenatore di Giulanova, classe 1977, vanta una carriera di assoluto livello da calciatore professionista, caratterizzata dall\u2019esperienza in serie A con il Siena nella stagione 2004\/2005 e un gran numero di presenze tra i cadetti con le maglie del Torino, del Palermo, dell\u2019Arezzo, dell\u2019Ascoli e del Cittadella. In totale pi\u00f9 di 550 presenze considerando anche le annate in C con Castel Di Sangro, Siena, Lodigiani e Arezzo.\u00a0Da allenatore, dopo aver guidato le giovanili del Modena, ha avuto trascorsi nella Jesina, nell\u2019Arzignano (con cui ha ottenuto la promozione in C) e nell&#8217;Arezzo. Nell\u2019ultima annata \u00e8 stato alla guida della Vis Pesaro in Lega Pro.<\/p>\n<p style=\"text-align: justify;\">Il mediano di Pietra Ligure \u00e8 cresciuto nelle giovanili del club blucerchiato e negli ultimi tre anni ha vestito la maglia della Vis Pesaro 1898 in Lega Pro, dove ha totalizzato complessivamente 63 presenze. La societ\u00e0 pontina ha perfezionato l\u2019acquisto a titolo definitivo, il giocatore si \u00e8 legato al Latina Calcio 1932 per due stagioni. Centrocampista che il tecnico Daniele Di Donato ha avuto gi\u00e0 modo di apprezzare, elemento duttile in grado di fornire pi\u00f9 soluzioni nella zona nevralgica del campo.<\/p>\n","protected":false},"excerpt":{"rendered":"<p>LATINA &#8211; Il Latina Calcio 1932 ha ufficializzato l\u2019arrivo del tecnico Daniele Di Donato. Il nuovo allenatore nerazzurro ha sottoscritto il contratto che lo legher\u00e0 al club pontino e oggi gioved\u00ec 12 agosto, alle 15 presso la sala stampa \u2018Amodio\u2019 dello stadio Francioni, si terr\u00e0 la conferenza stampa di presentazione del mister scelto per il [&hellip;]<\/p>\n","protected":false},"author":62,"featured_media":295734,"comment_status":"open","ping_status":"open","sticky":false,"template":"","format":"standard","meta":{"footnotes":""},"categories":[17],"tags":[],"class_list":["post-295733","post","type-post","status-publish","format-standard","has-post-thumbnail","hentry","category-sport"],"_links":{"self":[{"href":"https:\/\/www.radioluna.it\/news\/wp-json\/wp\/v2\/posts\/295733","targetHints":{"allow":["GET"]}}],"collection":[{"href":"https:\/\/www.radioluna.it\/news\/wp-json\/wp\/v2\/posts"}],"about":[{"href":"https:\/\/www.radioluna.it\/news\/wp-json\/wp\/v2\/types\/post"}],"author":[{"embeddable":true,"href":"https:\/\/www.radioluna.it\/news\/wp-json\/wp\/v2\/users\/62"}],"replies":[{"embeddable":true,"href":"https:\/\/www.radioluna.it\/news\/wp-json\/wp\/v2\/comments?post=295733"}],"version-history":[{"count":0,"href":"https:\/\/www.radioluna.it\/news\/wp-json\/wp\/v2\/posts\/295733\/revisions"}],"wp:featuredmedia":[{"embeddable":true,"href":"https:\/\/www.radioluna.it\/news\/wp-json\/wp\/v2\/media\/295734"}],"wp:attachment":[{"href":"https:\/\/www.radioluna.it\/news\/wp-json\/wp\/v2\/media?parent=295733"}],"wp:term":[{"taxonomy":"category","embeddable":true,"href":"https:\/\/www.radioluna.it\/news\/wp-json\/wp\/v2\/categories?post=295733"},{"taxonomy":"post_tag","embeddable":true,"href":"https:\/\/www.radioluna.it\/news\/wp-json\/wp\/v2\/tags?post=295733"}],"curies":[{"name":"wp","href":"https:\/\/api.w.org\/{rel}","templated":true}]}}