{"id":295785,"date":"2021-08-13T11:19:52","date_gmt":"2021-08-13T09:19:52","guid":{"rendered":"https:\/\/www.radioluna.it\/news\/?p=295785"},"modified":"2021-08-13T11:19:52","modified_gmt":"2021-08-13T09:19:52","slug":"benacquista-latina-basket-nel-girone-rosso","status":"publish","type":"post","link":"https:\/\/www.radioluna.it\/news\/2021\/08\/benacquista-latina-basket-nel-girone-rosso\/","title":{"rendered":"Benacquista Latina Basket nel Girone Rosso"},"content":{"rendered":"<div id=\"fb-root\"><\/div>\n<p style=\"text-align: justify;\">LATINA\u00a0 &#8211; Reso noto dalla Lega Nazionale Pallacanestro il calendario del Campionato di Serie A2 Maschile. La Benacquista Assicurazioni, inserita nel Girone Rosso, esordir\u00e0 domenica 3 ottobre alle 18 al PalaBianchini contro la Scaligera Verona Basket. Una settimana dopo scatter\u00e0 la trasferta a Ravenna e a seguire ci sar\u00e0 il match casalingo con la matricola San Giobbe Chiusi. La regular season terminer\u00e0 il 10 aprile con la spedizione al PalaMangano di Scafati.<\/p>\n","protected":false},"excerpt":{"rendered":"<p>LATINA\u00a0 &#8211; Reso noto dalla Lega Nazionale Pallacanestro il calendario del Campionato di Serie A2 Maschile. La Benacquista Assicurazioni, inserita nel Girone Rosso, esordir\u00e0 domenica 3 ottobre alle 18 al PalaBianchini contro la Scaligera Verona Basket. Una settimana dopo scatter\u00e0 la trasferta a Ravenna e a seguire ci sar\u00e0 il match casalingo con la matricola [&hellip;]<\/p>\n","protected":false},"author":5430,"featured_media":247510,"comment_status":"open","ping_status":"open","sticky":false,"template":"","format":"standard","meta":{"footnotes":""},"categories":[17],"tags":[],"class_list":["post-295785","post","type-post","status-publish","format-standard","has-post-thumbnail","hentry","category-sport"],"_links":{"self":[{"href":"https:\/\/www.radioluna.it\/news\/wp-json\/wp\/v2\/posts\/295785","targetHints":{"allow":["GET"]}}],"collection":[{"href":"https:\/\/www.radioluna.it\/news\/wp-json\/wp\/v2\/posts"}],"about":[{"href":"https:\/\/www.radioluna.it\/news\/wp-json\/wp\/v2\/types\/post"}],"author":[{"embeddable":true,"href":"https:\/\/www.radioluna.it\/news\/wp-json\/wp\/v2\/users\/5430"}],"replies":[{"embeddable":true,"href":"https:\/\/www.radioluna.it\/news\/wp-json\/wp\/v2\/comments?post=295785"}],"version-history":[{"count":0,"href":"https:\/\/www.radioluna.it\/news\/wp-json\/wp\/v2\/posts\/295785\/revisions"}],"wp:featuredmedia":[{"embeddable":true,"href":"https:\/\/www.radioluna.it\/news\/wp-json\/wp\/v2\/media\/247510"}],"wp:attachment":[{"href":"https:\/\/www.radioluna.it\/news\/wp-json\/wp\/v2\/media?parent=295785"}],"wp:term":[{"taxonomy":"category","embeddable":true,"href":"https:\/\/www.radioluna.it\/news\/wp-json\/wp\/v2\/categories?post=295785"},{"taxonomy":"post_tag","embeddable":true,"href":"https:\/\/www.radioluna.it\/news\/wp-json\/wp\/v2\/tags?post=295785"}],"curies":[{"name":"wp","href":"https:\/\/api.w.org\/{rel}","templated":true}]}}