{"id":295794,"date":"2021-08-13T14:03:57","date_gmt":"2021-08-13T12:03:57","guid":{"rendered":"https:\/\/www.radioluna.it\/news\/?p=295794"},"modified":"2021-08-16T07:59:19","modified_gmt":"2021-08-16T05:59:19","slug":"si-insedia-il-neo-presidente-del-parco-giuseppe-marzano-sui-daini-preferirei-soluzioni-non-cruente","status":"publish","type":"post","link":"https:\/\/www.radioluna.it\/news\/2021\/08\/si-insedia-il-neo-presidente-del-parco-giuseppe-marzano-sui-daini-preferirei-soluzioni-non-cruente\/","title":{"rendered":"Si insedia il neo presidente del Parco Giuseppe Marzano: &#8220;Sui daini preferirei soluzioni non cruente&#8221;"},"content":{"rendered":"<div id=\"fb-root\"><\/div>\n<p style=\"text-align: justify;\"><strong><img loading=\"lazy\" decoding=\"async\" class=\" wp-image-295676 alignright\" src=\"https:\/\/www.radioluna.it\/news\/wp-content\/uploads\/2021\/08\/marzano.jpg\" alt=\"\" width=\"227\" height=\"137\" srcset=\"https:\/\/www.radioluna.it\/news\/wp-content\/uploads\/2021\/08\/marzano.jpg 720w, https:\/\/www.radioluna.it\/news\/wp-content\/uploads\/2021\/08\/marzano-450x270.jpg 450w, https:\/\/www.radioluna.it\/news\/wp-content\/uploads\/2021\/08\/marzano-300x180.jpg 300w\" sizes=\"auto, (max-width: 227px) 100vw, 227px\" \/>SABAUDIA &#8211; <\/strong>Si insedia oggi <strong>Giuseppe Marzano il nuovo presidente del Parco nazionale del Circeo<\/strong>. Laureato in scienze forestali, specializzato in gestione delle aree protette, gi\u00e0 direttore del Parco dei Monti Aurunci e attuale direttore di area tecnica dello stesso, ha compiuto subito il suo primo atto, ovvero la proroga dell\u2019incarico all\u2019attuale direttrice facente funzioni Ester del Bove, dal momento che il Parco \u00e8 senza direttore di nomina. E&#8217; proprio con la funzionaria pi\u00f9 alta in grado, che Marzano si appresta a rivedere il piano di contenimento dei daini. Obiettivo &#8211; spiega &#8211; &#8220;ridurre al minimo gli abbattimenti\u201d.<\/p>\n<p style=\"text-align: justify;\">&#8220;Per me \u00e8 un onore aver ricevuto questo incarico, certo non mancano le preoccupazioni perch\u00e9 <strong>il compito che mi spetta \u00e8 impegnativo<\/strong>, in un&#8217;area importante, che ha una grande visibilit\u00e0 e con valori naturalistici di grande pregio. Porteremo avanti le attivit\u00e0 esistenti e meritevoli di proseguire, come studi e monitoraggi della flora e della fauna, mettendone in campo altre. <strong>Mi piacerebbe puntare su un turismo di nicchia<\/strong> che sappia apprezzare i valori importanti di cui questo territorio \u00e8 portatore&#8221;.<\/p>\n<p style=\"text-align: justify;\"><strong>Tra le prime difficolt\u00e0, certamente il Piano ci contenimento della popolazione dei daini<\/strong> che ha suscitato una scia di polemiche, anche di recente con l&#8217;arruolamento dei fucilieri: &#8220;Si tratta di questioni delicate. Io personalmente rispetto ad animali alloctoni presenti nell&#8217;area, <strong>sarei comunque contrario a soluzioni cruente<\/strong> e ricorrere per quanto possibile alle sterilizzazioni e al loro trasferimento in strutture a scopi didattici. Evitare il pi\u00f9 possibile di abbattere. Guarder\u00f2 le carte&#8221;.<\/p>\n<p style=\"text-align: justify;\">Ne abbiamo parlato su <strong>Radio Immagine<\/strong><\/p>\n<p style=\"text-align: justify;\"><strong>IL PODCAST\u00a0 \u00a0 \u00a0<\/strong><\/p>\n<audio class=\"wp-audio-shortcode\" id=\"audio-295794-1\" preload=\"none\" style=\"width: 100%;\" controls=\"controls\"><source type=\"audio\/mpeg\" src=\"https:\/\/www.radioluna.it\/news\/wp-content\/uploads\/2021\/08\/giuseppe-marzano-presidente-Parco-Circeo.mp3?_=1\" \/><a href=\"https:\/\/www.radioluna.it\/news\/wp-content\/uploads\/2021\/08\/giuseppe-marzano-presidente-Parco-Circeo.mp3\">https:\/\/www.radioluna.it\/news\/wp-content\/uploads\/2021\/08\/giuseppe-marzano-presidente-Parco-Circeo.mp3<\/a><\/audio>\n","protected":false},"excerpt":{"rendered":"<p>SABAUDIA &#8211; Si insedia oggi Giuseppe Marzano il nuovo presidente del Parco nazionale del Circeo. Laureato in scienze forestali, specializzato in gestione delle aree protette, gi\u00e0 direttore del Parco dei Monti Aurunci e attuale direttore di area tecnica dello stesso, ha compiuto subito il suo primo atto, ovvero la proroga dell\u2019incarico all\u2019attuale direttrice facente funzioni [&hellip;]<\/p>\n","protected":false},"author":62,"featured_media":259862,"comment_status":"open","ping_status":"open","sticky":false,"template":"","format":"standard","meta":{"footnotes":""},"categories":[12],"tags":[],"class_list":["post-295794","post","type-post","status-publish","format-standard","has-post-thumbnail","hentry","category-ambiente"],"_links":{"self":[{"href":"https:\/\/www.radioluna.it\/news\/wp-json\/wp\/v2\/posts\/295794","targetHints":{"allow":["GET"]}}],"collection":[{"href":"https:\/\/www.radioluna.it\/news\/wp-json\/wp\/v2\/posts"}],"about":[{"href":"https:\/\/www.radioluna.it\/news\/wp-json\/wp\/v2\/types\/post"}],"author":[{"embeddable":true,"href":"https:\/\/www.radioluna.it\/news\/wp-json\/wp\/v2\/users\/62"}],"replies":[{"embeddable":true,"href":"https:\/\/www.radioluna.it\/news\/wp-json\/wp\/v2\/comments?post=295794"}],"version-history":[{"count":0,"href":"https:\/\/www.radioluna.it\/news\/wp-json\/wp\/v2\/posts\/295794\/revisions"}],"wp:featuredmedia":[{"embeddable":true,"href":"https:\/\/www.radioluna.it\/news\/wp-json\/wp\/v2\/media\/259862"}],"wp:attachment":[{"href":"https:\/\/www.radioluna.it\/news\/wp-json\/wp\/v2\/media?parent=295794"}],"wp:term":[{"taxonomy":"category","embeddable":true,"href":"https:\/\/www.radioluna.it\/news\/wp-json\/wp\/v2\/categories?post=295794"},{"taxonomy":"post_tag","embeddable":true,"href":"https:\/\/www.radioluna.it\/news\/wp-json\/wp\/v2\/tags?post=295794"}],"curies":[{"name":"wp","href":"https:\/\/api.w.org\/{rel}","templated":true}]}}