{"id":295900,"date":"2021-08-16T08:51:49","date_gmt":"2021-08-16T06:51:49","guid":{"rendered":"https:\/\/www.radioluna.it\/news\/?p=295900"},"modified":"2021-08-16T08:37:30","modified_gmt":"2021-08-16T06:37:30","slug":"raffaelli-alla-top-volley-cisterna-lo-schiacciatore-arriva-dalla-francia","status":"publish","type":"post","link":"https:\/\/www.radioluna.it\/news\/2021\/08\/raffaelli-alla-top-volley-cisterna-lo-schiacciatore-arriva-dalla-francia\/","title":{"rendered":"Raffaelli alla Top Volley Cisterna, lo schiacciatore arriva dalla Francia"},"content":{"rendered":"<div id=\"fb-root\"><\/div>\n<p style=\"text-align: justify;\"><strong>LATINA<\/strong> &#8211; Arriva dal campionato francese, Giacomo Raffaelli, schiacciatore, classe 1995, uno dei volti nuovi della Top Volley Cisterna che da una settimana ha ripreso gli allenamenti. Lo ha voluto il tecnico Fabio Soli che con il direttore sportivo Candido Grande, ha messo in piedi una squadra intenzionata a essere protagonista nella prossima Superlega.<\/p>\n<p style=\"text-align: justify;\">\u201cStanno arrivando un po&#8217; tutti alla spicciolata \u2013 ha tenuto a precisare Raffaelli \u2013 ma la cosa che gi\u00e0 posso dirvi \u00e8 che questo gruppo \u00e8 animato da una voglia incredibile di lavorare. All&#8217;inizio \u00e8 sempre molto dura, anche perch\u00e9 si arriva da un lungo stop, o almeno per me \u00e8 cos\u00ec. Nonostante questo, per\u00f2, nessuno si sta tirando indietro, anzi. C&#8217;\u00e8 davvero tanta voglia di far bene, di lavorare sodo, come detto, per fare in modo che la squadra cresca in fretta e bene secondo le direttive di un allenatore che io conosco, con il quale ho gi\u00e0 avuto modo di lavorare a Ravenna e che \u00e8 stato uno dei motivi che mi ha portato ad accettare Cisterna e la Top Volley. Lui come Michele Baranowicz, senza ombra di dubbio uno dei migliori palleggiatori della Superlega. Sono felice di questa scelta, volevo tornare in Italia e, soprattutto, in un club che mi desse l&#8217;opportunit\u00e0 di giocare con una certa continuit\u00e0. Adesso il nostro obiettivo \u00e8 quello di mettere pi\u00f9 benzina possibile nel motore per farci trovare pronti nel momento in cui inizier\u00e0 il campionato\u201d, ha concluso lo schiacciatore.<\/p>\n","protected":false},"excerpt":{"rendered":"<p>LATINA &#8211; Arriva dal campionato francese, Giacomo Raffaelli, schiacciatore, classe 1995, uno dei volti nuovi della Top Volley Cisterna che da una settimana ha ripreso gli allenamenti. Lo ha voluto il tecnico Fabio Soli che con il direttore sportivo Candido Grande, ha messo in piedi una squadra intenzionata a essere protagonista nella prossima Superlega. \u201cStanno [&hellip;]<\/p>\n","protected":false},"author":5430,"featured_media":295901,"comment_status":"open","ping_status":"open","sticky":false,"template":"","format":"standard","meta":{"footnotes":""},"categories":[17],"tags":[],"class_list":["post-295900","post","type-post","status-publish","format-standard","has-post-thumbnail","hentry","category-sport"],"_links":{"self":[{"href":"https:\/\/www.radioluna.it\/news\/wp-json\/wp\/v2\/posts\/295900","targetHints":{"allow":["GET"]}}],"collection":[{"href":"https:\/\/www.radioluna.it\/news\/wp-json\/wp\/v2\/posts"}],"about":[{"href":"https:\/\/www.radioluna.it\/news\/wp-json\/wp\/v2\/types\/post"}],"author":[{"embeddable":true,"href":"https:\/\/www.radioluna.it\/news\/wp-json\/wp\/v2\/users\/5430"}],"replies":[{"embeddable":true,"href":"https:\/\/www.radioluna.it\/news\/wp-json\/wp\/v2\/comments?post=295900"}],"version-history":[{"count":0,"href":"https:\/\/www.radioluna.it\/news\/wp-json\/wp\/v2\/posts\/295900\/revisions"}],"wp:featuredmedia":[{"embeddable":true,"href":"https:\/\/www.radioluna.it\/news\/wp-json\/wp\/v2\/media\/295901"}],"wp:attachment":[{"href":"https:\/\/www.radioluna.it\/news\/wp-json\/wp\/v2\/media?parent=295900"}],"wp:term":[{"taxonomy":"category","embeddable":true,"href":"https:\/\/www.radioluna.it\/news\/wp-json\/wp\/v2\/categories?post=295900"},{"taxonomy":"post_tag","embeddable":true,"href":"https:\/\/www.radioluna.it\/news\/wp-json\/wp\/v2\/tags?post=295900"}],"curies":[{"name":"wp","href":"https:\/\/api.w.org\/{rel}","templated":true}]}}