{"id":296027,"date":"2021-08-17T08:00:21","date_gmt":"2021-08-17T06:00:21","guid":{"rendered":"https:\/\/www.radioluna.it\/news\/?p=296027"},"modified":"2021-08-17T13:55:07","modified_gmt":"2021-08-17T11:55:07","slug":"spara-in-aria-per-leredita-denunciato-un-uomo-al-lido-di-latina","status":"publish","type":"post","link":"https:\/\/www.radioluna.it\/news\/2021\/08\/spara-in-aria-per-leredita-denunciato-un-uomo-al-lido-di-latina\/","title":{"rendered":"Spara in aria per l&#8217;eredit\u00e0, denunciato un uomo al Lido di Latina"},"content":{"rendered":"<div id=\"fb-root\"><\/div>\n<p style=\"text-align: justify;\"><strong>LATINA\u00a0<\/strong> &#8211; Ha sparato in aria dopo aver litigato con la sorella per l&#8217;eredit\u00e0 e al Lido di Latina, dove i fatti sono accaduti la sera di Ferragosto, \u00e8 arrivata una pattuglia dei carabinieri chiamata da pi\u00f9 residenti allarmati dopo aver sentito le urla tra i due seguite dal rumore degli spari. Una discussione dai toni accessi che \u00e8 degenerata quando un uomo di 56 anni \u00e8 tornato nel suo appartamento che si trova vicino a quello della parente e ha tirato fuori la pistola esplodendo alcuni colpi in aria. Quanto i militari sono arrivati si sono fatti consegnare l&#8217;arma, una pistola scacciacani con otto colpi in canna e priva del tappo rosso. L&#8217;autore \u00e8 stato denunciato per esplosioni pericolose e porto di armi atte ad offendere.<\/p>\n","protected":false},"excerpt":{"rendered":"<p>LATINA\u00a0 &#8211; Ha sparato in aria dopo aver litigato con la sorella per l&#8217;eredit\u00e0 e al Lido di Latina, dove i fatti sono accaduti la sera di Ferragosto, \u00e8 arrivata una pattuglia dei carabinieri chiamata da pi\u00f9 residenti allarmati dopo aver sentito le urla tra i due seguite dal rumore degli spari. Una discussione dai [&hellip;]<\/p>\n","protected":false},"author":62,"featured_media":0,"comment_status":"open","ping_status":"open","sticky":false,"template":"","format":"standard","meta":{"footnotes":""},"categories":[7],"tags":[],"class_list":["post-296027","post","type-post","status-publish","format-standard","hentry","category-cronaca"],"_links":{"self":[{"href":"https:\/\/www.radioluna.it\/news\/wp-json\/wp\/v2\/posts\/296027","targetHints":{"allow":["GET"]}}],"collection":[{"href":"https:\/\/www.radioluna.it\/news\/wp-json\/wp\/v2\/posts"}],"about":[{"href":"https:\/\/www.radioluna.it\/news\/wp-json\/wp\/v2\/types\/post"}],"author":[{"embeddable":true,"href":"https:\/\/www.radioluna.it\/news\/wp-json\/wp\/v2\/users\/62"}],"replies":[{"embeddable":true,"href":"https:\/\/www.radioluna.it\/news\/wp-json\/wp\/v2\/comments?post=296027"}],"version-history":[{"count":0,"href":"https:\/\/www.radioluna.it\/news\/wp-json\/wp\/v2\/posts\/296027\/revisions"}],"wp:attachment":[{"href":"https:\/\/www.radioluna.it\/news\/wp-json\/wp\/v2\/media?parent=296027"}],"wp:term":[{"taxonomy":"category","embeddable":true,"href":"https:\/\/www.radioluna.it\/news\/wp-json\/wp\/v2\/categories?post=296027"},{"taxonomy":"post_tag","embeddable":true,"href":"https:\/\/www.radioluna.it\/news\/wp-json\/wp\/v2\/tags?post=296027"}],"curies":[{"name":"wp","href":"https:\/\/api.w.org\/{rel}","templated":true}]}}