{"id":296852,"date":"2021-09-06T09:30:06","date_gmt":"2021-09-06T07:30:06","guid":{"rendered":"https:\/\/www.radioluna.it\/news\/?p=296852"},"modified":"2021-09-06T09:30:06","modified_gmt":"2021-09-06T07:30:06","slug":"sabaudia-la-strage-dei-daini-continua-investimento-sulla-migliara-49","status":"publish","type":"post","link":"https:\/\/www.radioluna.it\/news\/2021\/09\/sabaudia-la-strage-dei-daini-continua-investimento-sulla-migliara-49\/","title":{"rendered":"Sabaudia, la strage dei daini continua: investimento sulla Migliara 49"},"content":{"rendered":"<div id=\"fb-root\"><\/div>\n<p style=\"text-align: justify;\"><strong>SABAUDIA &#8211; <\/strong>Un altro daino \u00e8 stato investito ed \u00e8 morto stavolta sulla Migliara 49 a Sabaudia. Gli episodi si vanno ripetendo sempre pi\u00f9 spesso a testimonianza della pericolosit\u00e0, per gli animali e per l&#8217;uomo, della presenza massiccia di questi esemplari nel Parco del Circeo che in cerca di cibo escono dalla foresta e finiscono sulla strada.<\/p>\n<p style=\"text-align: justify;\">A darne notizia ancora una volta \u00e8 l&#8217;Anc Sabaudia, l&#8217;associazione nazionale carabinieri presieduta dal maresciallo Enzo Cestra che questa mattina intorno alle 7 con il volontario Joseph Carboni ha raccolto la segnalazione di un residente e ha segnalato l&#8217;area in attesa della rimozione della carcassa da parte degli enti di competenza.\u00a0 Il mezzo che lo ha investito probabilmente nella notte non si \u00e8 fermato.<\/p>\n","protected":false},"excerpt":{"rendered":"<p>SABAUDIA &#8211; Un altro daino \u00e8 stato investito ed \u00e8 morto stavolta sulla Migliara 49 a Sabaudia. Gli episodi si vanno ripetendo sempre pi\u00f9 spesso a testimonianza della pericolosit\u00e0, per gli animali e per l&#8217;uomo, della presenza massiccia di questi esemplari nel Parco del Circeo che in cerca di cibo escono dalla foresta e finiscono [&hellip;]<\/p>\n","protected":false},"author":62,"featured_media":296853,"comment_status":"open","ping_status":"open","sticky":false,"template":"","format":"standard","meta":{"footnotes":""},"categories":[7],"tags":[],"class_list":["post-296852","post","type-post","status-publish","format-standard","has-post-thumbnail","hentry","category-cronaca"],"_links":{"self":[{"href":"https:\/\/www.radioluna.it\/news\/wp-json\/wp\/v2\/posts\/296852","targetHints":{"allow":["GET"]}}],"collection":[{"href":"https:\/\/www.radioluna.it\/news\/wp-json\/wp\/v2\/posts"}],"about":[{"href":"https:\/\/www.radioluna.it\/news\/wp-json\/wp\/v2\/types\/post"}],"author":[{"embeddable":true,"href":"https:\/\/www.radioluna.it\/news\/wp-json\/wp\/v2\/users\/62"}],"replies":[{"embeddable":true,"href":"https:\/\/www.radioluna.it\/news\/wp-json\/wp\/v2\/comments?post=296852"}],"version-history":[{"count":0,"href":"https:\/\/www.radioluna.it\/news\/wp-json\/wp\/v2\/posts\/296852\/revisions"}],"wp:featuredmedia":[{"embeddable":true,"href":"https:\/\/www.radioluna.it\/news\/wp-json\/wp\/v2\/media\/296853"}],"wp:attachment":[{"href":"https:\/\/www.radioluna.it\/news\/wp-json\/wp\/v2\/media?parent=296852"}],"wp:term":[{"taxonomy":"category","embeddable":true,"href":"https:\/\/www.radioluna.it\/news\/wp-json\/wp\/v2\/categories?post=296852"},{"taxonomy":"post_tag","embeddable":true,"href":"https:\/\/www.radioluna.it\/news\/wp-json\/wp\/v2\/tags?post=296852"}],"curies":[{"name":"wp","href":"https:\/\/api.w.org\/{rel}","templated":true}]}}