{"id":296884,"date":"2021-09-06T13:24:16","date_gmt":"2021-09-06T11:24:16","guid":{"rendered":"https:\/\/www.radioluna.it\/news\/?p=296884"},"modified":"2021-09-06T13:27:04","modified_gmt":"2021-09-06T11:27:04","slug":"la-riviera-dulisse-a-venezia-per-la-mostra-del-cinema","status":"publish","type":"post","link":"https:\/\/www.radioluna.it\/news\/2021\/09\/la-riviera-dulisse-a-venezia-per-la-mostra-del-cinema\/","title":{"rendered":"La Riviera d&#8217;Ulisse a Venezia per la Mostra del Cinema"},"content":{"rendered":"<div id=\"fb-root\"><\/div>\n<p style=\"text-align: justify;\"><strong>GAETA &#8211; <\/strong>\u00a0La Riviera di Ulisse sar\u00e0 presente alla 78\u1d43 edizione della Mostra Internazionale di Arte Cinematografica di Venezia tra gli eventi collaterali con la prima edizione del Premio Ulisse \u201cTerra di Cinema\u201d (in programma il 9 settembre), voluto dalla <strong>Presidente del Parco Regionale Riviera D&#8217;Ulisse Carmela Cassetta<\/strong> (nella foto) per premiare un\/a regista che si \u00e8 particolarmente distinta\/o nella sua carriera, nel raccontare la bellezza e la variet\u00e0 del nostro territorio.<br \/>\n\u201cIl connubio tra cinema e turismo, qui da noi (e il conseguente ritorno economico per il territorio), \u00e8 generalmente riconosciuto ma \u00e8 ora necessario sottolineare che tale connubio \u00e8 possibile solo quando la politica si assume l\u2019onere di semplificare le procedure per chi intenda girare un film e di richiamare l\u2019attenzione degli operatori di settore affinch\u00e9 scelgano sempre pi\u00f9 la Riviera di Ulisse come ambientazione dei loro progetti artistici\u201d, dice la Presidente ricordando le molte opere cinematografiche girate nel Golfo di Gaeta dagli anni \u201950 ad oggi: La Ciociara, Per grazia ricevuta, Febbre da cavallo, fino ad arrivare a Saturno contro, Gomorra (la serie), L\u2019amica geniale, Il trono di spade.<\/p>\n<p style=\"text-align: justify;\">&#8220;Allo scopo di ricordarle tutte &#8211; dicono dall&#8217;Ente Parco\u00a0 &#8211; \u00e8 stata preparata per l\u2019occasione una brochure digitale scaricabile tramite QR-code che presenter\u00e0 a Venezia insieme al corto \u201cTerre d\u2019Ulisse\u201d di Antonio Visceglia e Zaira Magliozzi.<\/p>\n<p>&nbsp;<\/p>\n<div class=\"radio-posizionamento-telefono-in-articoli-dopo-il-contenuto-articolo radio-entity-placement\" id=\"radio-3266686419\"><div id=\"radio-1384754910\" style=\"width: 300px;height: 250px;\"><a href=\"https:\/\/www.icarspa.it\/auto\/usate\/latina\/\" aria-label=\"banner aprile icar new life &#8211; auto usate latina\"><img loading=\"lazy\" decoding=\"async\" src=\"https:\/\/www.radioluna.it\/news\/wp-content\/uploads\/2026\/02\/banner-aprile-icar-new-life-auto-usate-latina.gif\" alt=\"\"  width=\"300\" height=\"250\"   \/><\/a><\/div><\/div>","protected":false},"excerpt":{"rendered":"<p>GAETA &#8211; \u00a0La Riviera di Ulisse sar\u00e0 presente alla 78\u1d43 edizione della Mostra Internazionale di Arte Cinematografica di Venezia tra gli eventi collaterali con la prima edizione del Premio Ulisse \u201cTerra di Cinema\u201d (in programma il 9 settembre), voluto dalla Presidente del Parco Regionale Riviera D&#8217;Ulisse Carmela Cassetta (nella foto) per premiare un\/a regista che [&hellip;]<\/p>\n","protected":false},"author":62,"featured_media":296885,"comment_status":"open","ping_status":"open","sticky":false,"template":"","format":"standard","meta":{"footnotes":""},"categories":[735],"tags":[],"class_list":["post-296884","post","type-post","status-publish","format-standard","has-post-thumbnail","hentry","category-attualita"],"_links":{"self":[{"href":"https:\/\/www.radioluna.it\/news\/wp-json\/wp\/v2\/posts\/296884","targetHints":{"allow":["GET"]}}],"collection":[{"href":"https:\/\/www.radioluna.it\/news\/wp-json\/wp\/v2\/posts"}],"about":[{"href":"https:\/\/www.radioluna.it\/news\/wp-json\/wp\/v2\/types\/post"}],"author":[{"embeddable":true,"href":"https:\/\/www.radioluna.it\/news\/wp-json\/wp\/v2\/users\/62"}],"replies":[{"embeddable":true,"href":"https:\/\/www.radioluna.it\/news\/wp-json\/wp\/v2\/comments?post=296884"}],"version-history":[{"count":0,"href":"https:\/\/www.radioluna.it\/news\/wp-json\/wp\/v2\/posts\/296884\/revisions"}],"wp:featuredmedia":[{"embeddable":true,"href":"https:\/\/www.radioluna.it\/news\/wp-json\/wp\/v2\/media\/296885"}],"wp:attachment":[{"href":"https:\/\/www.radioluna.it\/news\/wp-json\/wp\/v2\/media?parent=296884"}],"wp:term":[{"taxonomy":"category","embeddable":true,"href":"https:\/\/www.radioluna.it\/news\/wp-json\/wp\/v2\/categories?post=296884"},{"taxonomy":"post_tag","embeddable":true,"href":"https:\/\/www.radioluna.it\/news\/wp-json\/wp\/v2\/tags?post=296884"}],"curies":[{"name":"wp","href":"https:\/\/api.w.org\/{rel}","templated":true}]}}