{"id":296893,"date":"2021-09-06T15:28:52","date_gmt":"2021-09-06T13:28:52","guid":{"rendered":"https:\/\/www.radioluna.it\/news\/?p=296893"},"modified":"2021-09-06T15:28:52","modified_gmt":"2021-09-06T13:28:52","slug":"lega-miele-e-carnevale-presentano-la-loro-candidatura","status":"publish","type":"post","link":"https:\/\/www.radioluna.it\/news\/2021\/09\/lega-miele-e-carnevale-presentano-la-loro-candidatura\/","title":{"rendered":"Lega, Miele e Carnevale presentano la loro candidatura"},"content":{"rendered":"<div id=\"fb-root\"><\/div>\n<p style=\"text-align: justify;\"><strong>LATINA &#8211;<\/strong> Oltre 450 persone, tutte distanziate e nel pieno rispetto delle normative anti Covid, hanno partecipato domenica 5 settembre al Foro Appio di Borgo Faiti, alla presentazione dei candidati della Lega al Consiglio comunale Giovanna Miele e Massimiliano Carnevale. Tra i presenti anche il deputato del Carroccio, nonch\u00e9 coordinatore regionale, Claudio Durigon e la parlamentare europea della Lega Cinzia Bonfrisco. Una serata piacevole e vissuta in un clima di grande collaborazione e voglia di fare.<\/p>\n<p style=\"text-align: justify;\">Miele e Carnevale hanno tracciato un bilancio di questi cinque anni di consiliatura, che li ha visti tra i maggiori protagonisti dell\u2019opposizione a\u00a0 Damiano Coletta e Lbc. \u201cCinque anni trascorsi a condurre battaglie al fianco dei cittadini, facendo in modo di aprire gli occhi ad una amministrazione che non \u00e8 mai riuscita a vedere i problemi reali della citt\u00e0. Abbiamo condotto, tra le altre, una battaglia per le scuole paritarie, affinch\u00e9 non venissero spazzate via dalla furia ideologica di Coletta e soci, che si dicono civici per coprire la loro natura di estrema sinistra. Ci siamo schierati in difesa del Commercio e delle Attivit\u00e0 produttive, sia prima sia durante la pandemia. I continui lockdown, le restrizioni, hanno portato a una flessione delle entrate per molte attivit\u00e0 della nostra citt\u00e0. Abbiamo dovuto battagliare per garantire tagli alle imposte comunali. E infine, ma non meno importante, la battaglia vinta per evitare la creazione di un\u2019altra discarica di rifiuti nei territori di Borgo Grappa e Borgo San Michele. Siamo stati noi con le nostre pressioni a evitare che Coletta confermasse quella scelta\u201d.<\/p>\n<p style=\"text-align: justify;\">Ma oltre alle cose fatte, alle battaglie condotte in cinque anni, i consiglieri Miele e Carnevale hanno voluto illustrare le cose che intendono fare nei prossimi cinque anni, nella nuova amministrazione di Centrodestra. \u201cTre sono le priorit\u00e0 che abbiamo individuato: macchina amministrativa, infrastrutture e crescita. E\u2019 necessario valorizzare il personale dipendente e incentivarlo. Ma \u00e8 necessario anche potenziare la dotazione organica dell\u2019ente. Per questo serve un concorso pubblico in grado di garantire al Comune nuovo personale, persone giovani e preparate, possibilmente della nostra citt\u00e0. E sar\u00e0 opportuno potenziare le infrastrutture viarie e quelle telematiche, migliorare le strade e i servizi ai cittadini. Questa \u00e8 la base di partenza per garantire a Latina una crescita economica davvero concreta\u201d.<\/p>\n<div class=\"radio-posizionamento-telefono-in-articoli-dopo-il-contenuto-articolo radio-entity-placement\" id=\"radio-1018521320\"><div id=\"radio-2412291789\" style=\"width: 300px;height: 250px;\"><a href=\"https:\/\/www.icarspa.it\/auto\/usate\/latina\/\" aria-label=\"banner aprile icar new life &#8211; auto usate latina\"><img loading=\"lazy\" decoding=\"async\" src=\"https:\/\/www.radioluna.it\/news\/wp-content\/uploads\/2026\/02\/banner-aprile-icar-new-life-auto-usate-latina.gif\" alt=\"\"  width=\"300\" height=\"250\"   \/><\/a><\/div><\/div>","protected":false},"excerpt":{"rendered":"<p>LATINA &#8211; Oltre 450 persone, tutte distanziate e nel pieno rispetto delle normative anti Covid, hanno partecipato domenica 5 settembre al Foro Appio di Borgo Faiti, alla presentazione dei candidati della Lega al Consiglio comunale Giovanna Miele e Massimiliano Carnevale. Tra i presenti anche il deputato del Carroccio, nonch\u00e9 coordinatore regionale, Claudio Durigon e la [&hellip;]<\/p>\n","protected":false},"author":60,"featured_media":0,"comment_status":"open","ping_status":"open","sticky":false,"template":"","format":"standard","meta":{"footnotes":""},"categories":[8],"tags":[],"class_list":["post-296893","post","type-post","status-publish","format-standard","hentry","category-politica"],"_links":{"self":[{"href":"https:\/\/www.radioluna.it\/news\/wp-json\/wp\/v2\/posts\/296893","targetHints":{"allow":["GET"]}}],"collection":[{"href":"https:\/\/www.radioluna.it\/news\/wp-json\/wp\/v2\/posts"}],"about":[{"href":"https:\/\/www.radioluna.it\/news\/wp-json\/wp\/v2\/types\/post"}],"author":[{"embeddable":true,"href":"https:\/\/www.radioluna.it\/news\/wp-json\/wp\/v2\/users\/60"}],"replies":[{"embeddable":true,"href":"https:\/\/www.radioluna.it\/news\/wp-json\/wp\/v2\/comments?post=296893"}],"version-history":[{"count":0,"href":"https:\/\/www.radioluna.it\/news\/wp-json\/wp\/v2\/posts\/296893\/revisions"}],"wp:attachment":[{"href":"https:\/\/www.radioluna.it\/news\/wp-json\/wp\/v2\/media?parent=296893"}],"wp:term":[{"taxonomy":"category","embeddable":true,"href":"https:\/\/www.radioluna.it\/news\/wp-json\/wp\/v2\/categories?post=296893"},{"taxonomy":"post_tag","embeddable":true,"href":"https:\/\/www.radioluna.it\/news\/wp-json\/wp\/v2\/tags?post=296893"}],"curies":[{"name":"wp","href":"https:\/\/api.w.org\/{rel}","templated":true}]}}