{"id":297099,"date":"2021-09-09T13:41:09","date_gmt":"2021-09-09T11:41:09","guid":{"rendered":"https:\/\/www.radioluna.it\/news\/?p=297099"},"modified":"2021-09-09T14:15:48","modified_gmt":"2021-09-09T12:15:48","slug":"elezioni-a-latina-marchiella-fdi-condannato-in-ultimo-grado-si-ritira-dalla-competizione","status":"publish","type":"post","link":"https:\/\/www.radioluna.it\/news\/2021\/09\/elezioni-a-latina-marchiella-fdi-condannato-in-ultimo-grado-si-ritira-dalla-competizione\/","title":{"rendered":"Elezioni a Latina, Marchiella (Fdi) condannato in ultimo grado, si ritira dalla competizione"},"content":{"rendered":"<div id=\"fb-root\"><\/div>\n<p style=\"text-align: justify;\"><strong>LATINA<\/strong> &#8211; Travolto da una condanna per reati societari, si ritira dalla competizione elettorale, Andrea Marchiella candidato con Zaccheo nella lista di Fratelli D&#8217;Italia, capogruppo uscente dello stesso partito. La Corte di Cassazione ha rigettato il ricorso che aveva presentato contro la condanna per una vicenda del 2011 che lo aveva visto giudicato colpevole in primo grado gi\u00e0 nel 2018. L&#8217;esponente politico ha ora chiesto l&#8217;affidamento ai servizi sociali per scontare la pena ad un anno.<\/p>\n<p style=\"text-align: justify;\">&#8220;Ci sono momenti, nella vita di un uomo, in cui occorre assumersi responsabilit\u00e0 importanti anche nella consapevolezza della propria condotta penale e morale. Le notizie apparse in queste ore sulla stampa mi inducono a prendere una decisione sofferta ma politicamente inevitabile. Per il bene del mio partito, Fratelli d\u2019Italia, della coalizione di centrodestra e del nostro candidato Sindaco Zaccheo, ho scelto di fare un passo indietro dalla competizione elettorale&#8221;.<\/p>\n<p style=\"text-align: justify;\">Marchiella spiega anche: &#8220;Non mi dimetto dalla politica, nessuna legge potr\u00e0 mai impormelo. Da quando ho sedici anni, con spirito di servizio e passione, sono un militante e come tale rimarr\u00f3 a disposizione del mio partito, del centrodestra e del Sindaco Zaccheo&#8221; e di assumersi &#8220;la responsabilit\u00e0 di non aver informato n\u00e9 il mio partito, n\u00e9 la coalizione, n\u00e9 il candidato sindaco della mia vicenda giudiziaria&#8221;.<\/p>\n<p>&nbsp;<\/p>\n","protected":false},"excerpt":{"rendered":"<p>LATINA &#8211; Travolto da una condanna per reati societari, si ritira dalla competizione elettorale, Andrea Marchiella candidato con Zaccheo nella lista di Fratelli D&#8217;Italia, capogruppo uscente dello stesso partito. La Corte di Cassazione ha rigettato il ricorso che aveva presentato contro la condanna per una vicenda del 2011 che lo aveva visto giudicato colpevole in [&hellip;]<\/p>\n","protected":false},"author":62,"featured_media":217199,"comment_status":"open","ping_status":"open","sticky":false,"template":"","format":"standard","meta":{"footnotes":""},"categories":[7],"tags":[],"class_list":["post-297099","post","type-post","status-publish","format-standard","has-post-thumbnail","hentry","category-cronaca"],"_links":{"self":[{"href":"https:\/\/www.radioluna.it\/news\/wp-json\/wp\/v2\/posts\/297099","targetHints":{"allow":["GET"]}}],"collection":[{"href":"https:\/\/www.radioluna.it\/news\/wp-json\/wp\/v2\/posts"}],"about":[{"href":"https:\/\/www.radioluna.it\/news\/wp-json\/wp\/v2\/types\/post"}],"author":[{"embeddable":true,"href":"https:\/\/www.radioluna.it\/news\/wp-json\/wp\/v2\/users\/62"}],"replies":[{"embeddable":true,"href":"https:\/\/www.radioluna.it\/news\/wp-json\/wp\/v2\/comments?post=297099"}],"version-history":[{"count":0,"href":"https:\/\/www.radioluna.it\/news\/wp-json\/wp\/v2\/posts\/297099\/revisions"}],"wp:featuredmedia":[{"embeddable":true,"href":"https:\/\/www.radioluna.it\/news\/wp-json\/wp\/v2\/media\/217199"}],"wp:attachment":[{"href":"https:\/\/www.radioluna.it\/news\/wp-json\/wp\/v2\/media?parent=297099"}],"wp:term":[{"taxonomy":"category","embeddable":true,"href":"https:\/\/www.radioluna.it\/news\/wp-json\/wp\/v2\/categories?post=297099"},{"taxonomy":"post_tag","embeddable":true,"href":"https:\/\/www.radioluna.it\/news\/wp-json\/wp\/v2\/tags?post=297099"}],"curies":[{"name":"wp","href":"https:\/\/api.w.org\/{rel}","templated":true}]}}