{"id":297179,"date":"2021-09-11T07:20:24","date_gmt":"2021-09-11T05:20:24","guid":{"rendered":"https:\/\/www.radioluna.it\/news\/?p=297179"},"modified":"2021-09-11T12:35:28","modified_gmt":"2021-09-11T10:35:28","slug":"confermata-la-revoca-del-concorso-asl-il-consiglio-di-stato-rigetta-il-ricorso-dei-concorrenti","status":"publish","type":"post","link":"https:\/\/www.radioluna.it\/news\/2021\/09\/confermata-la-revoca-del-concorso-asl-il-consiglio-di-stato-rigetta-il-ricorso-dei-concorrenti\/","title":{"rendered":"Confermata la revoca del concorso Asl: il Consiglio di Stato rigetta il ricorso dei concorrenti"},"content":{"rendered":"<div id=\"fb-root\"><\/div>\n<p style=\"text-align: justify;\"><strong>LATINA &#8211;<\/strong> Il concorso indetto dalla Asl a dicembre, finito nel mirino della Guardia di Finanza per irregolarit\u00e0 e revocato dalla direttrice generale Silvia Cavalli al suo arrivo a Latina, resta annullato. Lo ha deciso il Consiglio di Stato con l&#8217;ordinanza pubblicata ieri che conferma in sostanza quanto gi\u00e0 deciso dal Tar: l&#8217;azienda sanitaria ha operato bene decidendo di fermare la procedura quando gi\u00e0 si erano svolte le prove scritte e orali, ma prima dell&#8217;approvazione della graduatoria.<\/p>\n<p style=\"text-align: justify;\"><strong>IL RICORSO<\/strong> &#8211; Erano stati 47 dei 70 partecipanti a impugnare la decisione della neodirettrice. Si tratta di un folto gruppo di aspiranti al posto da assistente amministrativo, estranei all&#8217;indagine penale aperta su quel concorso e sul precedente, indagine che\u00a0 ha poi portato all&#8217;arresto dell&#8217;ex segretario Pd Claudio Moscardelli, del direttore della Uoc Reclutamento Claudio Rainone e del funzionario Mario Graziano Esposito accusato di corruzione e rivelazione di segreto d&#8217;ufficio, le cui sorti saranno decise in un processo che si comincer\u00e0 con rito immediato il 21 ottobre.<\/p>\n<p style=\"text-align: justify;\"><strong>LA ASL HA AGITO BENE REVOCANDO LA PROCEDURA<\/strong> &#8211; Il secondo concorso infatti rischiava di essere inficiato da una serie di pesanti irregolarit\u00e0 e da raccomandazioni di cui la manager si \u00e8 subito resa conto quando ha preso servizio nei suoi uffici di Latina Fiori. &#8220;La\u00a0 Direzione Generale\u00a0 &#8211; si legge in una nota ufficiale dell&#8217;azienda &#8211; prende atto con soddisfazione che il Consiglio di Stato, con le ordinanze pubblicate in data odierna, ha confermato le decisioni del Tar del Lazio sezione di Latina ribadendo la correttezza e legittimit\u00e0 dell\u2019operato della ASL che ha revocato il concorso per assistenti amministrativi prima dell\u2019adozione dei provvedimenti cautelari penali. Con la revoca del concorso sono stati tutelati i principi costituzionali di parit\u00e0 tra concorrenti e trasparenza che regolano l\u2019accesso agli impieghi della Pubblica amministrazione e l\u2019indizione di un nuovo concorso consentir\u00e0 il ripristino dell\u2019equilibrio tra i candidati&#8221;.<\/p>\n<p style=\"text-align: justify;\">Tutto da rifare, ci sar\u00e0 un nuovo concorso. Danneggiati due volte i non raccomandati: prima perch\u00e9 sfavoriti rispetto ad altri concorrenti e poi perch\u00e9 il concorso al quale hanno preso parte \u00e8 stato annullato a causa delle raccomandazioni.<\/p>\n","protected":false},"excerpt":{"rendered":"<p>LATINA &#8211; Il concorso indetto dalla Asl a dicembre, finito nel mirino della Guardia di Finanza per irregolarit\u00e0 e revocato dalla direttrice generale Silvia Cavalli al suo arrivo a Latina, resta annullato. Lo ha deciso il Consiglio di Stato con l&#8217;ordinanza pubblicata ieri che conferma in sostanza quanto gi\u00e0 deciso dal Tar: l&#8217;azienda sanitaria ha [&hellip;]<\/p>\n","protected":false},"author":62,"featured_media":261297,"comment_status":"open","ping_status":"open","sticky":false,"template":"","format":"standard","meta":{"footnotes":""},"categories":[7],"tags":[],"class_list":["post-297179","post","type-post","status-publish","format-standard","has-post-thumbnail","hentry","category-cronaca"],"_links":{"self":[{"href":"https:\/\/www.radioluna.it\/news\/wp-json\/wp\/v2\/posts\/297179","targetHints":{"allow":["GET"]}}],"collection":[{"href":"https:\/\/www.radioluna.it\/news\/wp-json\/wp\/v2\/posts"}],"about":[{"href":"https:\/\/www.radioluna.it\/news\/wp-json\/wp\/v2\/types\/post"}],"author":[{"embeddable":true,"href":"https:\/\/www.radioluna.it\/news\/wp-json\/wp\/v2\/users\/62"}],"replies":[{"embeddable":true,"href":"https:\/\/www.radioluna.it\/news\/wp-json\/wp\/v2\/comments?post=297179"}],"version-history":[{"count":0,"href":"https:\/\/www.radioluna.it\/news\/wp-json\/wp\/v2\/posts\/297179\/revisions"}],"wp:featuredmedia":[{"embeddable":true,"href":"https:\/\/www.radioluna.it\/news\/wp-json\/wp\/v2\/media\/261297"}],"wp:attachment":[{"href":"https:\/\/www.radioluna.it\/news\/wp-json\/wp\/v2\/media?parent=297179"}],"wp:term":[{"taxonomy":"category","embeddable":true,"href":"https:\/\/www.radioluna.it\/news\/wp-json\/wp\/v2\/categories?post=297179"},{"taxonomy":"post_tag","embeddable":true,"href":"https:\/\/www.radioluna.it\/news\/wp-json\/wp\/v2\/tags?post=297179"}],"curies":[{"name":"wp","href":"https:\/\/api.w.org\/{rel}","templated":true}]}}