{"id":297342,"date":"2021-09-13T16:06:53","date_gmt":"2021-09-13T14:06:53","guid":{"rendered":"https:\/\/www.radioluna.it\/news\/?p=297342"},"modified":"2021-09-13T16:06:53","modified_gmt":"2021-09-13T14:06:53","slug":"latina-citta-dei-giovani-coletta-fiducia-e-opportunita-perche-sono-il-motore-del-cambiamento","status":"publish","type":"post","link":"https:\/\/www.radioluna.it\/news\/2021\/09\/latina-citta-dei-giovani-coletta-fiducia-e-opportunita-perche-sono-il-motore-del-cambiamento\/","title":{"rendered":"Latina citt\u00e0 dei giovani. Coletta: \u201cFiducia e opportunit\u00e0, perch\u00e9 sono il motore del cambiamento\u201d"},"content":{"rendered":"<div id=\"fb-root\"><\/div>\n<p style=\"text-align: justify;\"><strong>LATINA<\/strong> &#8211; Questa sar\u00e0 la \u201csettimana dei giovani\u201d per il sindaco di Latina Damiano Coletta, candidato per il rinnovo del mandato, e la sua coalizione. Diversi gli incontri previsti. Il primo sar\u00e0 domani, marted\u00ec 14 settembre, quando a partire dalle 18:30 i giovani candidati delle liste incontreranno i ragazzi della citt\u00e0 al pub \u201cQuarto Lato\u201d di Piazza del Quadrato; poi venerd\u00ec 17 settembre presso la sede del comitato elettorale, dove dalle 17 si terr\u00e0 l\u2019incontro pubblico \u201cLatina per i giovani\u201d; infine lo speciale \u201cGazebo Young\u201d, che si terr\u00e0 \u201cin notturna\u201d tra le 20 e la mezzanotte di sabato 18 settembre in Piazza del Quadrato.<\/p>\n<p style=\"text-align: justify;\">\u201cI giovani sono e saranno il motore del cambiamento della citt\u00e0 di Latina. Lo sapevamo nel 2016 \u2013 afferma il candidato sindaco \u2013 quando sono entrati\u00a0 in consiglio comunale ben cinque under 35 eleggendo la pi\u00f9 giovane consigliera d&#8217;Italia, l&#8217;attuale capogruppo consiliare Valeria Campagna, e nominando la giovane Cristina Leggio assessora alle Politiche giovanili. E lo vediamo ora, grazie a tutto il sostegno per la mia candidatura e per il progetto di governo che abbiamo costruito con le quattro forze politiche della coalizione.<\/p>\n<p style=\"text-align: justify;\">In questi anni di amministrazione abbiamo potuto sentire tutta l\u2019energia che arrivava dai giovani e noi non abbiamo mai avuto paura di dar loro fiducia, anzi, sempre pi\u00f9 abbiamo voluto coinvolgerli e rendere incisive le loro idee nelle scelte dell\u2019amministrazione, per esempio attraverso il Forum dei giovani. E abbiamo pensato al loro futuro, con l\u2019attivazione di un percorso che va dall\u2019orientamento alla formazione, con lo sportello Informagiovani e Faro Latina, allo sviluppo di una citt\u00e0 sempre pi\u00f9 caratterizzata in senso universitario ed europeo. Perch\u00e9 i nostri giovani devono poter essere in grado di scegliere se andare fuori e poi tornare o di poter restare a Latina, avere delle opportunit\u00e0 qui e creare il loro futuro nella citt\u00e0 in cui sono nati e cresciuti\u201d.<\/p>\n","protected":false},"excerpt":{"rendered":"<p>LATINA &#8211; Questa sar\u00e0 la \u201csettimana dei giovani\u201d per il sindaco di Latina Damiano Coletta, candidato per il rinnovo del mandato, e la sua coalizione. Diversi gli incontri previsti. Il primo sar\u00e0 domani, marted\u00ec 14 settembre, quando a partire dalle 18:30 i giovani candidati delle liste incontreranno i ragazzi della citt\u00e0 al pub \u201cQuarto Lato\u201d [&hellip;]<\/p>\n","protected":false},"author":60,"featured_media":297308,"comment_status":"open","ping_status":"open","sticky":false,"template":"","format":"standard","meta":{"footnotes":""},"categories":[8],"tags":[],"class_list":["post-297342","post","type-post","status-publish","format-standard","has-post-thumbnail","hentry","category-politica"],"_links":{"self":[{"href":"https:\/\/www.radioluna.it\/news\/wp-json\/wp\/v2\/posts\/297342","targetHints":{"allow":["GET"]}}],"collection":[{"href":"https:\/\/www.radioluna.it\/news\/wp-json\/wp\/v2\/posts"}],"about":[{"href":"https:\/\/www.radioluna.it\/news\/wp-json\/wp\/v2\/types\/post"}],"author":[{"embeddable":true,"href":"https:\/\/www.radioluna.it\/news\/wp-json\/wp\/v2\/users\/60"}],"replies":[{"embeddable":true,"href":"https:\/\/www.radioluna.it\/news\/wp-json\/wp\/v2\/comments?post=297342"}],"version-history":[{"count":0,"href":"https:\/\/www.radioluna.it\/news\/wp-json\/wp\/v2\/posts\/297342\/revisions"}],"wp:featuredmedia":[{"embeddable":true,"href":"https:\/\/www.radioluna.it\/news\/wp-json\/wp\/v2\/media\/297308"}],"wp:attachment":[{"href":"https:\/\/www.radioluna.it\/news\/wp-json\/wp\/v2\/media?parent=297342"}],"wp:term":[{"taxonomy":"category","embeddable":true,"href":"https:\/\/www.radioluna.it\/news\/wp-json\/wp\/v2\/categories?post=297342"},{"taxonomy":"post_tag","embeddable":true,"href":"https:\/\/www.radioluna.it\/news\/wp-json\/wp\/v2\/tags?post=297342"}],"curies":[{"name":"wp","href":"https:\/\/api.w.org\/{rel}","templated":true}]}}