{"id":297548,"date":"2021-09-17T14:03:05","date_gmt":"2021-09-17T12:03:05","guid":{"rendered":"https:\/\/www.radioluna.it\/news\/?p=297548"},"modified":"2021-09-17T16:10:11","modified_gmt":"2021-09-17T14:10:11","slug":"le-comunita-parrocchiali-di-latina-e-sezze-scrivono-ai-candidati-alle-prossime-amministrative","status":"publish","type":"post","link":"https:\/\/www.radioluna.it\/news\/2021\/09\/le-comunita-parrocchiali-di-latina-e-sezze-scrivono-ai-candidati-alle-prossime-amministrative\/","title":{"rendered":"Le comunit\u00e0 parrocchiali di Latina e Sezze scrivono ai candidati alle prossime Amministrative"},"content":{"rendered":"<div id=\"fb-root\"><\/div>\n<p style=\"text-align: justify;\">Le comunit\u00e0 parrocchiali di Latina e Sezze scrivono ai candidati alle prossime elezioni amministrative delle rispettive citt\u00e0, una lettera aperta che sar\u00e0 distribuita nei prossimi giorni. \u201cSi tratta \u00a0&#8211; spiegano &#8211; di un forte appello ad avere passione per il proprio luogo di vita affinch\u00e9 si possa edificare una comunit\u00e0 civile attenta al bene di tutti i suoi membri. Vari gli ambiti toccati, come quello dei giovani, della legalit\u00e0, dei poveri e dello sviluppo del territorio\u201d. Un\u2019iniziativa \u00a0&#8211; spiegano dalla Diocesi\u00a0 &#8211; che \u00a0va inquadrata nell\u2019alveo della Dottrina Sociale della Chiesa, con riguardo all\u2019impegno del cristiano per il bene della societ\u00e0 civile.<\/p>\n<p style=\"text-align: justify;\"><strong>LATINA<\/strong> &#8211; Tutti i parroci di Latina concordano nella bisogno di &#8220;offrire qualche sollecitazione, per il bene di tutti, ai futuri eletti e ai cittadini&#8221;. &#8220;Se ha ragione sant\u2019Agostino quando afferma che \u201cl\u2019occhio vede ci\u00f2 che il cuore ama&#8221; &#8220;a volte\u00a0 &#8211; scrivono &#8211; sembra che alcuni politici siano ciechi perch\u00e9 anaffettivi&#8221;. Entrano poi nello specifico dei temi e, rivolgendosi ai candidati, chiedono loro di porsi alcune domande: &#8220;Cosa fai, non per pochi, ma per tutti? Ti servi di una collegialit\u00e0 di forze, anche intermedie, per confrontare gli asserti professati nella campagna elettorale con i risultati ottenuti? Sai amare la legalit\u00e0 al punto tale da non avere avuto e da non voler avere nessun legame con il mondo della criminalit\u00e0, n\u00e9 subire alcun condizionamento da parte di nessuna lobby e di nessun \u201camico\u201d?<\/p>\n<p style=\"text-align: justify;\">Qualche domanda viene rivolta anche agli elettori ai quali si chiede di valutare il proprio senso civico &#8220;visto che.. non pochi cittadini considerano la propria citt\u00e0 come una discarica&#8221; e &#8220;quando continuano a diffondersi sempre di pi\u00f9 alcolismo e droghe (conseguenze di vuoti educativi)&#8221;,\u00a0 invitandoli a &#8220;un maggior impegno di rispetto di tutti verso tutti e verso tutto&#8221;.<br \/>\nI parroci di Latina si dicono anche &#8220;disponibili alla collaborazione, nel pieno rispetto dei diversi ambiti e competenze, desiderando con voi, futuri eletti, essere distinti, ma non distanti&#8221;.<\/p>\n<p style=\"text-align: justify;\"><strong>SEZZE\u00a0<\/strong> &#8211; Sono poi i parroci di Sezze Don Pier Luigi Antonetti, Don Raffaele D\u2019Elia, Don Gianmarco Falcone, Padre Damiano Grecu, Don Gregorio Pelcza a rivolgersi ai candidati della citt\u00e0 lepina, ricordando che se \u00abla politica \u00e8 la forma pi\u00f9 alta di carit\u00e0\u00bb, \u00e8 anche &#8220;un vero servizio al prossimo vissuto nello spirito del Vangelo&#8221;.<\/p>\n<p style=\"text-align: justify;\">Tra i temi considerati importanti per il futuro della comunit\u00e0 setina vengono indicati &#8220;l\u2019attenzione al mondo giovanile, la vivibilit\u00e0 della nostra citt\u00e0 e delle sue periferie e le diverse povert\u00e0 emergenti&#8221;. I parroci ricordano che &#8220;molte sono le povert\u00e0 intorno a noi: criminalit\u00e0, droga, alcool, prostituzione, indigenza materiale e umana ignoranza. Sentiamo la necessit\u00e0 di una sinergia tra comunit\u00e0 cristiana e civile per individuare, raggiungere e risollevare questi nostri fratelli: hanno bisogno che ci facciamo presenti nelle loro vite e che offriamo percorsi realizzabili per risollevarli e restituire loro la dignit\u00e0 perduta. Questi nostri fratelli non sono un peso n\u00e9 qualcosa da nascondere ma sono l\u2019occasione per il nostro paese di dare testimonianza e di vivere a livello pi\u00f9 alto quel servizio che si manifesta in special modo nel prendersi cura di chi \u00e8 pi\u00f9 debole&#8221;.<\/p>\n","protected":false},"excerpt":{"rendered":"<p>Le comunit\u00e0 parrocchiali di Latina e Sezze scrivono ai candidati alle prossime elezioni amministrative delle rispettive citt\u00e0, una lettera aperta che sar\u00e0 distribuita nei prossimi giorni. \u201cSi tratta \u00a0&#8211; spiegano &#8211; di un forte appello ad avere passione per il proprio luogo di vita affinch\u00e9 si possa edificare una comunit\u00e0 civile attenta al bene di [&hellip;]<\/p>\n","protected":false},"author":62,"featured_media":0,"comment_status":"open","ping_status":"open","sticky":false,"template":"","format":"standard","meta":{"footnotes":""},"categories":[735],"tags":[],"class_list":["post-297548","post","type-post","status-publish","format-standard","hentry","category-attualita"],"_links":{"self":[{"href":"https:\/\/www.radioluna.it\/news\/wp-json\/wp\/v2\/posts\/297548","targetHints":{"allow":["GET"]}}],"collection":[{"href":"https:\/\/www.radioluna.it\/news\/wp-json\/wp\/v2\/posts"}],"about":[{"href":"https:\/\/www.radioluna.it\/news\/wp-json\/wp\/v2\/types\/post"}],"author":[{"embeddable":true,"href":"https:\/\/www.radioluna.it\/news\/wp-json\/wp\/v2\/users\/62"}],"replies":[{"embeddable":true,"href":"https:\/\/www.radioluna.it\/news\/wp-json\/wp\/v2\/comments?post=297548"}],"version-history":[{"count":0,"href":"https:\/\/www.radioluna.it\/news\/wp-json\/wp\/v2\/posts\/297548\/revisions"}],"wp:attachment":[{"href":"https:\/\/www.radioluna.it\/news\/wp-json\/wp\/v2\/media?parent=297548"}],"wp:term":[{"taxonomy":"category","embeddable":true,"href":"https:\/\/www.radioluna.it\/news\/wp-json\/wp\/v2\/categories?post=297548"},{"taxonomy":"post_tag","embeddable":true,"href":"https:\/\/www.radioluna.it\/news\/wp-json\/wp\/v2\/tags?post=297548"}],"curies":[{"name":"wp","href":"https:\/\/api.w.org\/{rel}","templated":true}]}}