{"id":297642,"date":"2021-09-20T09:06:46","date_gmt":"2021-09-20T07:06:46","guid":{"rendered":"https:\/\/www.radioluna.it\/news\/?p=297642"},"modified":"2021-09-20T09:06:46","modified_gmt":"2021-09-20T07:06:46","slug":"clima-ecologisti-pontini-aderiscono-allo-sciopero-globale","status":"publish","type":"post","link":"https:\/\/www.radioluna.it\/news\/2021\/09\/clima-ecologisti-pontini-aderiscono-allo-sciopero-globale\/","title":{"rendered":"Clima, ecologisti pontini aderiscono allo sciopero globale"},"content":{"rendered":"<div id=\"fb-root\"><\/div>\n<p style=\"text-align: justify;\"><strong>TERRACINA &#8211;<\/strong> L&#8217;Associazione Ecologista La Barba di Giove aderisce allo sciopero globale per il clima che si terr\u00e0 il 24 settembre, e invita tutti a fare altrettanto.<\/p>\n<p style=\"text-align: justify;\">&#8220;In autunno a Glasgow si svolger\u00e0 la Cop 26, la conferenza mondiale per il clima in cui gli stati dovranno discutere i loro impegni per la riduzione delle\u00a0 emissioni e per stabilizzare l\u2019aumento previsto di temperatura entro 1,5\u00a0 C\u00b0.\u00a0Un appuntamento importante che non pu\u00f2 essere lasciato solo alla discussione tra gli Stati, una discussione che tende\u00a0 a salvaguardare un modello di sviluppo che \u00e8 il principale responsabile della situazione. La societ\u00e0 civile, le associazioni, i cittadini devono far sentire la loro voce. Su tutti noi grava una grande responsabilit\u00e0: impedire una crisi climatica che mette a rischio tutti noi, una crisi climatica che oltre a peggiorare le condizioni di vita aggrava sempre pi\u00f9 le disuguaglianze sociali. Siamo ad un bivio, la strada che sceglieremo influenzer\u00e0 il nostro futuro ed il futuro del Pianeta&#8221;, si legge in una nota degli ecologisti pontini .<\/p>\n<p style=\"text-align: justify;\">&#8220;I giovani sono in prima linea nelle battaglie contro il cambiamento climatico, hanno la consapevolezza che \u00e8 il loro futuro, soprattutto, ad essere messo in discussione e sono i giovani di Friday for Future ad aver organizzato il 24 settembre lo sciopero per il clima. Sono consapevoli di avere sulle loro spalle una grande responsabilit\u00e0. Lo sciopero si propone di far pressione perch\u00e9 vengano messe in campo subito e non un generico domani le azioni necessarie per un percorso realmente sostenibile. L\u2019 Associazione La Barba di Giove aderisce allo sciopero globale del 24 settembre ed invita tutti a parteciparvi&#8221;.<\/p>\n<p style=\"text-align: justify;\">\n<div class=\"radio-posizionamento-telefono-in-articoli-dopo-il-contenuto-articolo radio-entity-placement\" id=\"radio-2752410107\"><div id=\"radio-1158545372\" style=\"width: 300px;height: 250px;\"><a href=\"https:\/\/www.icarspa.it\/auto\/usate\/latina\/\" aria-label=\"banner aprile icar new life &#8211; auto usate latina\"><img loading=\"lazy\" decoding=\"async\" src=\"https:\/\/www.radioluna.it\/news\/wp-content\/uploads\/2026\/02\/banner-aprile-icar-new-life-auto-usate-latina.gif\" alt=\"\"  width=\"300\" height=\"250\"   \/><\/a><\/div><\/div>","protected":false},"excerpt":{"rendered":"<p>TERRACINA &#8211; L&#8217;Associazione Ecologista La Barba di Giove aderisce allo sciopero globale per il clima che si terr\u00e0 il 24 settembre, e invita tutti a fare altrettanto. &#8220;In autunno a Glasgow si svolger\u00e0 la Cop 26, la conferenza mondiale per il clima in cui gli stati dovranno discutere i loro impegni per la riduzione delle\u00a0 [&hellip;]<\/p>\n","protected":false},"author":60,"featured_media":297643,"comment_status":"open","ping_status":"open","sticky":false,"template":"","format":"standard","meta":{"footnotes":""},"categories":[16],"tags":[],"class_list":["post-297642","post","type-post","status-publish","format-standard","has-post-thumbnail","hentry","category-appuntamenti"],"_links":{"self":[{"href":"https:\/\/www.radioluna.it\/news\/wp-json\/wp\/v2\/posts\/297642","targetHints":{"allow":["GET"]}}],"collection":[{"href":"https:\/\/www.radioluna.it\/news\/wp-json\/wp\/v2\/posts"}],"about":[{"href":"https:\/\/www.radioluna.it\/news\/wp-json\/wp\/v2\/types\/post"}],"author":[{"embeddable":true,"href":"https:\/\/www.radioluna.it\/news\/wp-json\/wp\/v2\/users\/60"}],"replies":[{"embeddable":true,"href":"https:\/\/www.radioluna.it\/news\/wp-json\/wp\/v2\/comments?post=297642"}],"version-history":[{"count":0,"href":"https:\/\/www.radioluna.it\/news\/wp-json\/wp\/v2\/posts\/297642\/revisions"}],"wp:featuredmedia":[{"embeddable":true,"href":"https:\/\/www.radioluna.it\/news\/wp-json\/wp\/v2\/media\/297643"}],"wp:attachment":[{"href":"https:\/\/www.radioluna.it\/news\/wp-json\/wp\/v2\/media?parent=297642"}],"wp:term":[{"taxonomy":"category","embeddable":true,"href":"https:\/\/www.radioluna.it\/news\/wp-json\/wp\/v2\/categories?post=297642"},{"taxonomy":"post_tag","embeddable":true,"href":"https:\/\/www.radioluna.it\/news\/wp-json\/wp\/v2\/tags?post=297642"}],"curies":[{"name":"wp","href":"https:\/\/api.w.org\/{rel}","templated":true}]}}