{"id":297650,"date":"2021-09-20T10:31:45","date_gmt":"2021-09-20T08:31:45","guid":{"rendered":"https:\/\/www.radioluna.it\/news\/?p=297650"},"modified":"2021-09-21T14:34:11","modified_gmt":"2021-09-21T12:34:11","slug":"mortale-sulla-frosinone-mare-le-moto-di-sono-disintegrate-e-i-detriti-hanno-ferito-altri-tre-bikers","status":"publish","type":"post","link":"https:\/\/www.radioluna.it\/news\/2021\/09\/mortale-sulla-frosinone-mare-le-moto-di-sono-disintegrate-e-i-detriti-hanno-ferito-altri-tre-bikers\/","title":{"rendered":"Mortale sulla Frosinone-Mare, le moto di sono disintegrate e i detriti hanno ferito altri tre bikers"},"content":{"rendered":"<div id=\"fb-root\"><\/div>\n<p style=\"text-align: justify;\"><strong>LATINA<\/strong> &#8211; Un sorpasso affrontato ad alta velocit\u00e0 ha causato il drammatico incidente stradale che domenica, intorno alle 13, sulla Frosinone-Mare ha fermato la vita di tre persone, un 39 enne di Priverno residente a Sabaudia e una coppia della provincia di Frosinone, un uomo e una donna di 64 e 54 anni.<\/p>\n<p style=\"text-align: justify;\">Secondo la ricostruzione della polizia stradale che ha svolto i rilievi con i carabinieri e poi ha lavorato a lungo sulla dinamica, all&#8217;altezza del bivio per il Frasso, la moto guidata dal privernate Francesco Scacchetti ha superato il folto gruppo di motociclisti con cui si trovava in gita domenicale finendo per invadere la corsia opposta. E&#8217; su questo lato della strada infatti che sono rimasti i segni del tremendo scontro.<\/p>\n<p style=\"text-align: justify;\">Forse la convinzione di farcela grazie all&#8217;esperienza, o forse la scarsa visuale dovuta al fatto che i bikers viaggiavano in ordine sparso sulla carreggiata, ha impedito al giovane di accorgersi che dalla corsia opposta, in direzione del mare, sopraggiungeva un&#8217;altra moto. L\u2019impatto \u00e8 stato senza scampo a causa della velocit\u00e0 ben oltre i limiti, che si \u00e8 sommata con quella dell&#8217;altra moto. Uno scontro talmente violento che le dueruote si sono disintegrate e i detriti hanno colpito i motociclisti che sopraggiungevano. In questo modo altre tre persone sono rimaste ferite gravemente.<\/p>\n<p style=\"text-align: justify;\">Secondo gli ultimi aggiornamenti, sono stabili le condizioni dei due ricoverati al Goretti che non sarebbero in pericolo di vita, mentre un terzo motociclista \u00e8 in prognosi riservata al San Camillo di Roma.<\/p>\n<p style=\"text-align: justify;\">Sul posto hanno operato anche i carabinieri, i vigili del fuoco e il 118.<\/p>\n<p>&nbsp;<\/p>\n","protected":false},"excerpt":{"rendered":"<p>LATINA &#8211; Un sorpasso affrontato ad alta velocit\u00e0 ha causato il drammatico incidente stradale che domenica, intorno alle 13, sulla Frosinone-Mare ha fermato la vita di tre persone, un 39 enne di Priverno residente a Sabaudia e una coppia della provincia di Frosinone, un uomo e una donna di 64 e 54 anni. Secondo la [&hellip;]<\/p>\n","protected":false},"author":62,"featured_media":251111,"comment_status":"open","ping_status":"open","sticky":false,"template":"","format":"standard","meta":{"footnotes":""},"categories":[7],"tags":[],"class_list":["post-297650","post","type-post","status-publish","format-standard","has-post-thumbnail","hentry","category-cronaca"],"_links":{"self":[{"href":"https:\/\/www.radioluna.it\/news\/wp-json\/wp\/v2\/posts\/297650","targetHints":{"allow":["GET"]}}],"collection":[{"href":"https:\/\/www.radioluna.it\/news\/wp-json\/wp\/v2\/posts"}],"about":[{"href":"https:\/\/www.radioluna.it\/news\/wp-json\/wp\/v2\/types\/post"}],"author":[{"embeddable":true,"href":"https:\/\/www.radioluna.it\/news\/wp-json\/wp\/v2\/users\/62"}],"replies":[{"embeddable":true,"href":"https:\/\/www.radioluna.it\/news\/wp-json\/wp\/v2\/comments?post=297650"}],"version-history":[{"count":0,"href":"https:\/\/www.radioluna.it\/news\/wp-json\/wp\/v2\/posts\/297650\/revisions"}],"wp:featuredmedia":[{"embeddable":true,"href":"https:\/\/www.radioluna.it\/news\/wp-json\/wp\/v2\/media\/251111"}],"wp:attachment":[{"href":"https:\/\/www.radioluna.it\/news\/wp-json\/wp\/v2\/media?parent=297650"}],"wp:term":[{"taxonomy":"category","embeddable":true,"href":"https:\/\/www.radioluna.it\/news\/wp-json\/wp\/v2\/categories?post=297650"},{"taxonomy":"post_tag","embeddable":true,"href":"https:\/\/www.radioluna.it\/news\/wp-json\/wp\/v2\/tags?post=297650"}],"curies":[{"name":"wp","href":"https:\/\/api.w.org\/{rel}","templated":true}]}}