{"id":297652,"date":"2021-09-21T14:33:42","date_gmt":"2021-09-21T12:33:42","guid":{"rendered":"https:\/\/www.radioluna.it\/news\/?p=297652"},"modified":"2021-09-27T04:54:30","modified_gmt":"2021-09-27T02:54:30","slug":"lettera-al-ministro-e-al-cts-il-goretti-di-latina-primo-firmatario-si-dia-il-green-pass-ai-vaccinati-con-reithera","status":"publish","type":"post","link":"https:\/\/www.radioluna.it\/news\/2021\/09\/lettera-al-ministro-e-al-cts-il-goretti-di-latina-primo-firmatario-si-dia-il-green-pass-ai-vaccinati-con-reithera\/","title":{"rendered":"Lettera al Ministro e al Cts, il Goretti di Latina primo firmatario: &#8220;Si dia il green pass ai vaccinati con Reithera&#8221;"},"content":{"rendered":"<div id=\"fb-root\"><\/div>\n<p style=\"text-align: justify;\"><strong>LATINA<\/strong> &#8211; &#8220;E&#8217; un paradosso: chi ha aderito alla sperimentazione del vaccino Reithera, si \u00e8 trovato ad essere individuato come un no-vax, si tratta di persone che hanno dato fiducia alla macchina della ricerca italiana e a noi come gruppo in particolare. Questo delegittima anche la ricerca scientifica&#8221;. La professoressa <strong>Miriam Lichtner, direttrice della Uoc di Malattie infettive<\/strong> del <strong>Goretti di Latina<\/strong> (uno dei centri scelti per la sperimentazione di Fase II e III del siero italiano) \u00e8 la <strong>prima firmataria di una lettera rivolta al Ministro Speranza,<\/strong> al Sottosegretario alla Salute, Pierpaolo Sileri, al\u00a0 Direttore generale della prevenzione sanitaria del Ministero della salute, Giovanni Rezza e ancora a Giorgio Palu&#8217;, Presidente dell&#8217;Agenzia italiana del farmaco AIFA, e a Giuseppe Ippolito, Direttore Generale Ricerca e Innovazione del Ministero della Salute. &#8220;Non riconoscere il\u00a0 green pass significherebbe invitare i volontari a sottoporsi alla vaccinazione canonica con due effetti:\u00a0 non poter pi\u00f9 studiare i volontari e dall&#8217;altra dire che quel vaccino non funziona, \u00e8 acqua fresca&#8221;.<img loading=\"lazy\" decoding=\"async\" class=\"wp-image-269967 alignright\" src=\"https:\/\/www.radioluna.it\/news\/wp-content\/uploads\/2020\/06\/mitriam-lichtner.jpg\" alt=\"\" width=\"243\" height=\"182\" srcset=\"https:\/\/www.radioluna.it\/news\/wp-content\/uploads\/2020\/06\/mitriam-lichtner.jpg 1920w, https:\/\/www.radioluna.it\/news\/wp-content\/uploads\/2020\/06\/mitriam-lichtner-300x225.jpg 300w, https:\/\/www.radioluna.it\/news\/wp-content\/uploads\/2020\/06\/mitriam-lichtner-1024x768.jpg 1024w, https:\/\/www.radioluna.it\/news\/wp-content\/uploads\/2020\/06\/mitriam-lichtner-768x576.jpg 768w, https:\/\/www.radioluna.it\/news\/wp-content\/uploads\/2020\/06\/mitriam-lichtner-1536x1152.jpg 1536w\" sizes=\"auto, (max-width: 243px) 100vw, 243px\" \/><\/p>\n<p><strong>ASCOLTA <\/strong><\/p>\n<audio class=\"wp-audio-shortcode\" id=\"audio-297652-1\" preload=\"none\" style=\"width: 100%;\" controls=\"controls\"><source type=\"audio\/mpeg\" src=\"https:\/\/www.radioluna.it\/news\/wp-content\/uploads\/2021\/09\/Reithera-Lichtner.mp3?_=1\" \/><a href=\"https:\/\/www.radioluna.it\/news\/wp-content\/uploads\/2021\/09\/Reithera-Lichtner.mp3\">https:\/\/www.radioluna.it\/news\/wp-content\/uploads\/2021\/09\/Reithera-Lichtner.mp3<\/a><\/audio>\n<p style=\"text-align: justify;\"><strong>SENZA GREEN PASS<\/strong> &#8211; Scopo della lettera, sottoscritta da tutti i Centri italiani in cui si \u00e8 svolta la Fase II della sperimentazione dopo gli importanti risultati sull&#8217;efficacia del vaccino, e in vista della scadenza degli &#8220;esoneri vaccinali per i volontari che sono stati sottoposti alla vaccinazione con il vaccino GRAd-COV2&#8221;, \u00e8 quello di chiedere \u00a0&#8220;nuovamente l\u2019<strong>ottenimento del GREEN-PASS<\/strong> per tutti i soggetti a cui \u00e8 stato somministrato&#8221;. I reclutati infatti non hanno mai ricevuto il certificato verde e <strong>il 30 settembre<\/strong>, quando <strong>scadr\u00e0 il certificato di esonero dalla vaccinazione<\/strong> (lo stesso che viene dato\u00a0 a chi per gravi patologie non deve fare il vaccino) saranno a tutti gli effetti equiparati ai non vaccinati. <strong>Oppure dovranno fare un altro vaccino, quindi sottoporsi alla doppia dose di un altro siero e poi alla terza dose.\u00a0<\/strong><\/p>\n<p style=\"text-align: justify;\"><strong>GLI STUDI<\/strong> &#8211; Nella lettera vengono anche ricordati i risultati della sperimentazione: &#8220;Come da voi noto, <strong>i dati preliminari di sicurezza e immunogenicit\u00e0 delle prime cinque settimane di studio,<\/strong> analizzati dal Safety Monitoring Board, Comitato indipendente per la valutazione della sicurezza, e dallo Steering Committee, Comitato scientifico per la valutazione dell\u2019efficacia, hanno mostrato un profilo favorevole e ci apprestiamo nella prossima settimana a raccogliere i dati a sei mesi&#8221;. <strong>A Latina,\u00a0 i volontari, che sono monitorati settimanalmente attraverso una piattaforma dedicata, si dovranno presentare al Goretti il 24 settembre per essere sottoposti ad un nuovo test sierologico.<\/strong><\/p>\n<p style=\"text-align: justify;\"><strong>DELEGITTIMAZIONE<\/strong> &#8211; Infettivologi e virologi sono irritati e preoccupati anche per l&#8217;<strong>immagine negativa che un fatto simile riflette sulla ricerca scientifica in Italia<\/strong>, e non la mandano a dire: &#8220;In questi mesi\u00a0 &#8211; scrivono ancora al Ministro e al gotha della gestione della pandemia &#8211; <strong>i volontari hanno subito varie discriminazioni<\/strong> in quanto non in possesso del regolare green-pass, nonostante in possesso del certificato di esonero, effettuato dai PI dei centri clinici. Dato l\u2019alto livello di scontro politico che ha confuso scienza, opinione pubblica e schieramenti politici, purtroppo in molti casi i volontari si sono trovati ad essere individuati come \u201cno-vax\u201d, proprio loro che per primi in Italia hanno creduto nel vaccino, un vero paradosso. Noi, come responsabili dei centri clinici che hanno partecipato alla sperimentazione COVITAR, supportata dagli enti regolatori italiani (AIFA), CHIEDIAMO che ai nostri volontari che hanno risposto alla vaccinazione VENGA concesso il green-pass, equiparandoli alle altre persone vaccinate incluse nell\u2019anagrafe vaccinale italiana. Chiediamo quindi che i volontari (circa 600) non siano discriminati per aver partecipato alla prima sperimentazione vaccinale italiana con grande entusiasmo e coraggio e fiducia nelle istituzioni e nel sistema nazionale italiano. Tale richiesta <strong>\u00e8 motivata anche dal tentativo di supportare la ricerca clinica in Italia, che subirebbe una chiara delegittimazione in questo modo<\/strong>&#8220;.<\/p>\n<p style=\"text-align: justify;\"><strong>LA LETTERA DI SCUSE AI VOLONTARI &#8211;<\/strong> Nei giorni scorsi, in una lettera ai volontari reclutati e vaccinati con Reithera, la Uoc di Malattie Infettive del Goretti di scusava \u201cper i disagi\u201d dovuti al mancato riconoscimento integrale che avrebbe aperto la strada al green-pass. ieri, intervenuto a Latina, in risposta alle legittime preoccupazioni,<strong> l&#8217;assessore regionale alla Sanit\u00e0 Alessio D&#8217;Amato ha assicurato che il Lazio si batter\u00e0 perch\u00e9 sia intanto immediatamente prorogato il certificato di esonero.\u00a0 \u00a0<\/strong><\/p>\n<p style=\"text-align: justify;\">Un\u2019urgenza vista l&#8217;imminente scadenza del documento rilasciato ai volontari e vista l&#8217;obbligatoriet\u00e0 del certificato verde varata di recente dal Governo.<\/p>\n<div class=\"radio-posizionamento-telefono-in-articoli-dopo-il-contenuto-articolo radio-entity-placement\" id=\"radio-1683204916\"><div id=\"radio-3512186167\" style=\"width: 300px;height: 250px;\"><a href=\"https:\/\/www.icarspa.it\/auto\/usate\/latina\/\" aria-label=\"banner aprile icar new life &#8211; auto usate latina\"><img loading=\"lazy\" decoding=\"async\" src=\"https:\/\/www.radioluna.it\/news\/wp-content\/uploads\/2026\/02\/banner-aprile-icar-new-life-auto-usate-latina.gif\" alt=\"\"  width=\"300\" height=\"250\"   \/><\/a><\/div><\/div>","protected":false},"excerpt":{"rendered":"<p>LATINA &#8211; &#8220;E&#8217; un paradosso: chi ha aderito alla sperimentazione del vaccino Reithera, si \u00e8 trovato ad essere individuato come un no-vax, si tratta di persone che hanno dato fiducia alla macchina della ricerca italiana e a noi come gruppo in particolare. Questo delegittima anche la ricerca scientifica&#8221;. La professoressa Miriam Lichtner, direttrice della Uoc [&hellip;]<\/p>\n","protected":false},"author":62,"featured_media":294038,"comment_status":"open","ping_status":"open","sticky":false,"template":"","format":"standard","meta":{"footnotes":""},"categories":[2310,7],"tags":[],"class_list":["post-297652","post","type-post","status-publish","format-standard","has-post-thumbnail","hentry","category-audio","category-cronaca"],"_links":{"self":[{"href":"https:\/\/www.radioluna.it\/news\/wp-json\/wp\/v2\/posts\/297652","targetHints":{"allow":["GET"]}}],"collection":[{"href":"https:\/\/www.radioluna.it\/news\/wp-json\/wp\/v2\/posts"}],"about":[{"href":"https:\/\/www.radioluna.it\/news\/wp-json\/wp\/v2\/types\/post"}],"author":[{"embeddable":true,"href":"https:\/\/www.radioluna.it\/news\/wp-json\/wp\/v2\/users\/62"}],"replies":[{"embeddable":true,"href":"https:\/\/www.radioluna.it\/news\/wp-json\/wp\/v2\/comments?post=297652"}],"version-history":[{"count":0,"href":"https:\/\/www.radioluna.it\/news\/wp-json\/wp\/v2\/posts\/297652\/revisions"}],"wp:featuredmedia":[{"embeddable":true,"href":"https:\/\/www.radioluna.it\/news\/wp-json\/wp\/v2\/media\/294038"}],"wp:attachment":[{"href":"https:\/\/www.radioluna.it\/news\/wp-json\/wp\/v2\/media?parent=297652"}],"wp:term":[{"taxonomy":"category","embeddable":true,"href":"https:\/\/www.radioluna.it\/news\/wp-json\/wp\/v2\/categories?post=297652"},{"taxonomy":"post_tag","embeddable":true,"href":"https:\/\/www.radioluna.it\/news\/wp-json\/wp\/v2\/tags?post=297652"}],"curies":[{"name":"wp","href":"https:\/\/api.w.org\/{rel}","templated":true}]}}