{"id":297654,"date":"2021-09-20T13:22:06","date_gmt":"2021-09-20T11:22:06","guid":{"rendered":"https:\/\/www.radioluna.it\/news\/?p=297654"},"modified":"2021-09-27T04:52:19","modified_gmt":"2021-09-27T02:52:19","slug":"elezioni-amministrative-quattro-candidati-per-pontinia-luscente-medici-sfidato-da-antelmi-pisano-e-tombolillo","status":"publish","type":"post","link":"https:\/\/www.radioluna.it\/news\/2021\/09\/elezioni-amministrative-quattro-candidati-per-pontinia-luscente-medici-sfidato-da-antelmi-pisano-e-tombolillo\/","title":{"rendered":"Elezioni amministrative, quattro candidati per Pontinia: l&#8217;uscente Medici sfidato da Antelmi, Pisano e Tombolillo"},"content":{"rendered":"<div id=\"fb-root\"><\/div>\n<p style=\"text-align: justify;\"><strong>PONTINIA<\/strong> &#8211; Sono quattro i candidati alla carica di sindaco del Comune di Pontinia. Sfidano l&#8217;uscente <strong>Carlo Medici,<\/strong> che si presenta con la lista Pontinia Citt\u00e0 Ideale (in alto a destra), l&#8217;ex sindaco, <strong>Eligio Tombolillo<\/strong> con la lista Progetto per Pontinia (in foto accanto a Medici),\u00a0 poi <strong>Massimiliano Antelmi<\/strong> di Progetto Pontinia Futura (in basso a sinistra), e <strong>Pasqualino Pisano,<\/strong> esponente del Movimento CinqueStelle (in basso a destra).<\/p>\n<p style=\"text-align: justify;\">Pontinia ha una popolazione di poco superiore agli 11mila abitanti\u00a0 e si decider\u00e0 quindi con turno secco (senza ballottaggio): chi otterr\u00e0 la percentuale pi\u00f9 alta nelle votazioni il 3 e 4 ottobre, sar\u00e0 primo cittadino.<\/p>\n<p style=\"text-align: justify;\"><strong>Domenico Ippoliti<\/strong> ha intervistato i quattro candidati negli studi di Radio Immagine (sede anche di Radio Luna e Radio Latina). Qui trovate i podcast pubblicati nell&#8217;ordine di messa in onda, che \u00e8 poi l&#8217;ordine in cui sono venuti a trovarci.<\/p>\n<p><strong>PASQUALINO PISANO<\/strong><\/p>\n<audio class=\"wp-audio-shortcode\" id=\"audio-297654-1\" preload=\"none\" style=\"width: 100%;\" controls=\"controls\"><source type=\"audio\/mpeg\" src=\"https:\/\/www.radioluna.it\/news\/wp-content\/uploads\/2021\/09\/pisano-1.mp3?_=1\" \/><a href=\"https:\/\/www.radioluna.it\/news\/wp-content\/uploads\/2021\/09\/pisano-1.mp3\">https:\/\/www.radioluna.it\/news\/wp-content\/uploads\/2021\/09\/pisano-1.mp3<\/a><\/audio>\n<audio class=\"wp-audio-shortcode\" id=\"audio-297654-2\" preload=\"none\" style=\"width: 100%;\" controls=\"controls\"><source type=\"audio\/mpeg\" src=\"https:\/\/www.radioluna.it\/news\/wp-content\/uploads\/2021\/09\/pisano-2.mp3?_=2\" \/><a href=\"https:\/\/www.radioluna.it\/news\/wp-content\/uploads\/2021\/09\/pisano-2.mp3\">https:\/\/www.radioluna.it\/news\/wp-content\/uploads\/2021\/09\/pisano-2.mp3<\/a><\/audio>\n<p><strong>MASSIMILIANO ANTELMI<\/strong><\/p>\n<audio class=\"wp-audio-shortcode\" id=\"audio-297654-3\" preload=\"none\" style=\"width: 100%;\" controls=\"controls\"><source type=\"audio\/mpeg\" src=\"https:\/\/www.radioluna.it\/news\/wp-content\/uploads\/2021\/09\/antelmi-1.mp3?_=3\" \/><a href=\"https:\/\/www.radioluna.it\/news\/wp-content\/uploads\/2021\/09\/antelmi-1.mp3\">https:\/\/www.radioluna.it\/news\/wp-content\/uploads\/2021\/09\/antelmi-1.mp3<\/a><\/audio>\n<audio class=\"wp-audio-shortcode\" id=\"audio-297654-4\" preload=\"none\" style=\"width: 100%;\" controls=\"controls\"><source type=\"audio\/mpeg\" src=\"https:\/\/www.radioluna.it\/news\/wp-content\/uploads\/2021\/09\/antelmi-2.mp3?_=4\" \/><a href=\"https:\/\/www.radioluna.it\/news\/wp-content\/uploads\/2021\/09\/antelmi-2.mp3\">https:\/\/www.radioluna.it\/news\/wp-content\/uploads\/2021\/09\/antelmi-2.mp3<\/a><\/audio>\n<p><strong>CARLO MEDICI<\/strong><\/p>\n<audio class=\"wp-audio-shortcode\" id=\"audio-297654-5\" preload=\"none\" style=\"width: 100%;\" controls=\"controls\"><source type=\"audio\/mpeg\" src=\"https:\/\/www.radioluna.it\/news\/wp-content\/uploads\/2021\/09\/CARLO-MEDICI-PARTE-1.mp3?_=5\" \/><a href=\"https:\/\/www.radioluna.it\/news\/wp-content\/uploads\/2021\/09\/CARLO-MEDICI-PARTE-1.mp3\">https:\/\/www.radioluna.it\/news\/wp-content\/uploads\/2021\/09\/CARLO-MEDICI-PARTE-1.mp3<\/a><\/audio>\n<audio class=\"wp-audio-shortcode\" id=\"audio-297654-6\" preload=\"none\" style=\"width: 100%;\" controls=\"controls\"><source type=\"audio\/mpeg\" src=\"https:\/\/www.radioluna.it\/news\/wp-content\/uploads\/2021\/09\/CARLO-MEDICI-PARTE-2.mp3?_=6\" \/><a href=\"https:\/\/www.radioluna.it\/news\/wp-content\/uploads\/2021\/09\/CARLO-MEDICI-PARTE-2.mp3\">https:\/\/www.radioluna.it\/news\/wp-content\/uploads\/2021\/09\/CARLO-MEDICI-PARTE-2.mp3<\/a><\/audio>\n<p><strong>ELIGIO TOMBOLILLO<\/strong><\/p>\n<audio class=\"wp-audio-shortcode\" id=\"audio-297654-7\" preload=\"none\" style=\"width: 100%;\" controls=\"controls\"><source type=\"audio\/mpeg\" src=\"https:\/\/www.radioluna.it\/news\/wp-content\/uploads\/2021\/09\/ELIGIO-TOMBOLILLO-PARTE-1.mp3?_=7\" \/><a href=\"https:\/\/www.radioluna.it\/news\/wp-content\/uploads\/2021\/09\/ELIGIO-TOMBOLILLO-PARTE-1.mp3\">https:\/\/www.radioluna.it\/news\/wp-content\/uploads\/2021\/09\/ELIGIO-TOMBOLILLO-PARTE-1.mp3<\/a><\/audio>\n<audio class=\"wp-audio-shortcode\" id=\"audio-297654-8\" preload=\"none\" style=\"width: 100%;\" controls=\"controls\"><source type=\"audio\/mpeg\" src=\"https:\/\/www.radioluna.it\/news\/wp-content\/uploads\/2021\/09\/ELIGIO-TOMBOLILLO-PARTE-2.mp3?_=8\" \/><a href=\"https:\/\/www.radioluna.it\/news\/wp-content\/uploads\/2021\/09\/ELIGIO-TOMBOLILLO-PARTE-2.mp3\">https:\/\/www.radioluna.it\/news\/wp-content\/uploads\/2021\/09\/ELIGIO-TOMBOLILLO-PARTE-2.mp3<\/a><\/audio>\n<p>&nbsp;<\/p>\n<p>&nbsp;<\/p>\n<p>&nbsp;<\/p>\n<div class=\"radio-posizionamento-telefono-in-articoli-dopo-il-contenuto-articolo radio-entity-placement\" id=\"radio-2708804221\"><div id=\"radio-1938422780\"><a href=\"https:\/\/grupporedi.it\/\" aria-label=\"Redi-Qr\"><img loading=\"lazy\" decoding=\"async\" src=\"https:\/\/www.radioluna.it\/news\/wp-content\/uploads\/2026\/03\/Redi-Qr.jpg\" alt=\"\"  srcset=\"https:\/\/www.radioluna.it\/news\/wp-content\/uploads\/2026\/03\/Redi-Qr.jpg 800w, https:\/\/www.radioluna.it\/news\/wp-content\/uploads\/2026\/03\/Redi-Qr-768x639.jpg 768w\" sizes=\"(max-width: 800px) 100vw, 800px\" width=\"300\" height=\"250\"   \/><\/a><\/div><\/div>","protected":false},"excerpt":{"rendered":"<p>PONTINIA &#8211; Sono quattro i candidati alla carica di sindaco del Comune di Pontinia. Sfidano l&#8217;uscente Carlo Medici, che si presenta con la lista Pontinia Citt\u00e0 Ideale (in alto a destra), l&#8217;ex sindaco, Eligio Tombolillo con la lista Progetto per Pontinia (in foto accanto a Medici),\u00a0 poi Massimiliano Antelmi di Progetto Pontinia Futura (in basso [&hellip;]<\/p>\n","protected":false},"author":60,"featured_media":297677,"comment_status":"open","ping_status":"open","sticky":false,"template":"","format":"standard","meta":{"footnotes":""},"categories":[2310,8],"tags":[],"class_list":["post-297654","post","type-post","status-publish","format-standard","has-post-thumbnail","hentry","category-audio","category-politica"],"_links":{"self":[{"href":"https:\/\/www.radioluna.it\/news\/wp-json\/wp\/v2\/posts\/297654","targetHints":{"allow":["GET"]}}],"collection":[{"href":"https:\/\/www.radioluna.it\/news\/wp-json\/wp\/v2\/posts"}],"about":[{"href":"https:\/\/www.radioluna.it\/news\/wp-json\/wp\/v2\/types\/post"}],"author":[{"embeddable":true,"href":"https:\/\/www.radioluna.it\/news\/wp-json\/wp\/v2\/users\/60"}],"replies":[{"embeddable":true,"href":"https:\/\/www.radioluna.it\/news\/wp-json\/wp\/v2\/comments?post=297654"}],"version-history":[{"count":0,"href":"https:\/\/www.radioluna.it\/news\/wp-json\/wp\/v2\/posts\/297654\/revisions"}],"wp:featuredmedia":[{"embeddable":true,"href":"https:\/\/www.radioluna.it\/news\/wp-json\/wp\/v2\/media\/297677"}],"wp:attachment":[{"href":"https:\/\/www.radioluna.it\/news\/wp-json\/wp\/v2\/media?parent=297654"}],"wp:term":[{"taxonomy":"category","embeddable":true,"href":"https:\/\/www.radioluna.it\/news\/wp-json\/wp\/v2\/categories?post=297654"},{"taxonomy":"post_tag","embeddable":true,"href":"https:\/\/www.radioluna.it\/news\/wp-json\/wp\/v2\/tags?post=297654"}],"curies":[{"name":"wp","href":"https:\/\/api.w.org\/{rel}","templated":true}]}}