{"id":297689,"date":"2021-09-20T17:26:12","date_gmt":"2021-09-20T15:26:12","guid":{"rendered":"https:\/\/www.radioluna.it\/news\/?p=297689"},"modified":"2021-09-20T17:26:12","modified_gmt":"2021-09-20T15:26:12","slug":"calenda-richetti-e-grippo-a-latina-per-nicoletta-zuliani","status":"publish","type":"post","link":"https:\/\/www.radioluna.it\/news\/2021\/09\/calenda-richetti-e-grippo-a-latina-per-nicoletta-zuliani\/","title":{"rendered":"Calenda, Richetti e Grippo a Latina per Nicoletta Zuliani"},"content":{"rendered":"<div id=\"fb-root\"><\/div>\n<p style=\"text-align: justify;\">A distanza di circa due settimane dalla chiamata alle urne, attesa per i giorni 3\/4 settembre anche nel capoluogo pontino, la candidata Sindaco Nicoletta Zuliani \u00e8 pronta a confrontarsi nuovamente con i cittadini in una manifestazione pubblica che si terr\u00e0 gioved\u00ec 23 settembre, a partire dalle ore 18:00 nel cuore della Citt\u00e0. Al suo fianco in Piazza del Popolo, oltre ai trentuno membri della lista civica a suo sostegno, incluso il capolista e referente di \u201cLatina in Azione\u201d Olivier Tassi, ci saranno Carlo Calenda (europarlamentare e leader del partito Azione), Matteo Richetti (senatore della Repubblica Italiana appartenente al Gruppo Misto nell\u2019asse Azione &#8211; +Europa) e Valentina Grippo (consigliera regionale di Azione nel Lazio).<\/p>\n<p style=\"text-align: justify;\">\u00abConosco Nicoletta Zuliani da anni \u2013 spiega Grippo &#8211; \u00c8 una donna capace, attenta alle esigenze del territorio, che concilia meravigliosamente il suo lavoro da insegnante con il suo impegno istituzionale e civico. Sono molto contenta che Nicoletta abbia scelto nuovamente di spendersi per Latina, che ha bisogno di una guida che coniughi indipendenza e conoscenza della macchina amministrativa. Sono sicura che sarebbe un&#8217;ottima sindaca e spero che al sostegno del gruppo Latina in Azione, guidato da Olivier Tassi, si unisca anche quello di tutte le energie della citt\u00e0 e di tutti coloro che vogliono far ripartire Latina, dopo questo anno cos\u00ec difficile\u00bb.<\/p>\n<p style=\"text-align: justify;\">\u00abAnche a Latina non ci si pu\u00f2 rassegnare ai populismi di destra e di sinistra \u2013 afferma con forza Richetti &#8211; Questa campagna elettorale \u00e8 piena di incoerenze e trasformismi, l&#8217;opposizione che passa in maggioranza e membri della maggioranza che passano in opposizione: noi proponiamo a Latina una figura credibile e in grado di affrontare con competenza e seriet\u00e0 i problemi del territorio. La candidatura di Nicoletta Zuliani e il nostro sostegno vanno in questa precisa direzione\u00bb.<\/p>\n<p style=\"text-align: justify;\">Se nella prospettiva di Azione il rendez-vous con l\u2019elettorato latinense sar\u00e0 un\u2019opportunit\u00e0 per manifestare concreto supporto alla squadra di Zuliani, oltrech\u00e9 per avviare un significativo consolidamento la propria rappresentanza politica al centro dell\u2019Agro Pontino, la candidata Sindaco volger\u00e0 tutto il suo impegno all\u2019obiettivo ultimo di informare i concittadini sui progetti in cantiere. Questi soltanto, a suo giudizio, dovranno evidenziarsi come la carta vincente: \u00abLe proposte sono la nostra forza. Facciamo fatica a trovarne da parte di chi si presenta, in questi giorni, come portatore di risposte esaustive ai bisogni degli elettori: leggiamo di analisi e critiche, ma non vediamo progetti. Noi puntiamo sulla produttivit\u00e0 di robusti know-how e mettiamo in campo un programma di interventi che continueremo a rendere protagonista di questa campagna elettorale, perch\u00e9 solo una scelta netta, derivata da dati reali \u2013 non da velleit\u00e0, non da percezioni \u2013 e da disegni pragmatici, potr\u00e0 cambiare in meglio la Citt\u00e0. Tutto il resto \u00e8 rumore\u00bb.<\/p>\n","protected":false},"excerpt":{"rendered":"<p>A distanza di circa due settimane dalla chiamata alle urne, attesa per i giorni 3\/4 settembre anche nel capoluogo pontino, la candidata Sindaco Nicoletta Zuliani \u00e8 pronta a confrontarsi nuovamente con i cittadini in una manifestazione pubblica che si terr\u00e0 gioved\u00ec 23 settembre, a partire dalle ore 18:00 nel cuore della Citt\u00e0. Al suo fianco [&hellip;]<\/p>\n","protected":false},"author":60,"featured_media":0,"comment_status":"open","ping_status":"open","sticky":false,"template":"","format":"standard","meta":{"footnotes":""},"categories":[8],"tags":[],"class_list":["post-297689","post","type-post","status-publish","format-standard","hentry","category-politica"],"_links":{"self":[{"href":"https:\/\/www.radioluna.it\/news\/wp-json\/wp\/v2\/posts\/297689","targetHints":{"allow":["GET"]}}],"collection":[{"href":"https:\/\/www.radioluna.it\/news\/wp-json\/wp\/v2\/posts"}],"about":[{"href":"https:\/\/www.radioluna.it\/news\/wp-json\/wp\/v2\/types\/post"}],"author":[{"embeddable":true,"href":"https:\/\/www.radioluna.it\/news\/wp-json\/wp\/v2\/users\/60"}],"replies":[{"embeddable":true,"href":"https:\/\/www.radioluna.it\/news\/wp-json\/wp\/v2\/comments?post=297689"}],"version-history":[{"count":0,"href":"https:\/\/www.radioluna.it\/news\/wp-json\/wp\/v2\/posts\/297689\/revisions"}],"wp:attachment":[{"href":"https:\/\/www.radioluna.it\/news\/wp-json\/wp\/v2\/media?parent=297689"}],"wp:term":[{"taxonomy":"category","embeddable":true,"href":"https:\/\/www.radioluna.it\/news\/wp-json\/wp\/v2\/categories?post=297689"},{"taxonomy":"post_tag","embeddable":true,"href":"https:\/\/www.radioluna.it\/news\/wp-json\/wp\/v2\/tags?post=297689"}],"curies":[{"name":"wp","href":"https:\/\/api.w.org\/{rel}","templated":true}]}}